{"id":2804,"date":"2026-04-26T21:47:17","date_gmt":"2026-04-26T21:47:17","guid":{"rendered":"https:\/\/www.musikverein-wustweiler.de\/?p=2804"},"modified":"2026-04-26T21:47:17","modified_gmt":"2026-04-26T21:47:17","slug":"neues-beim-musikverein-wustweiler","status":"publish","type":"post","link":"https:\/\/www.musikverein-wustweiler.de\/?p=2804","title":{"rendered":"Neues beim Musikverein Wustweiler"},"content":{"rendered":"\n<p>Anfang April fand die Mitgliederversammlung des Musikvereins Wustweiler statt. Dabei blickte der Verein auf ein \u00e4u\u00dferst erfolgreiches Jahr mit zahlreichen musikalischen Terminen und Veranstaltungen zur\u00fcck.<\/p>\n\n\n\n<p>Allein die Dorfband des Musikvereins war im vergangenen Jahr bei zehn \u00f6ffentlichen Auftritten und Festen im Einsatz. Dazu z\u00e4hlten unter anderem das Wein- und Spargelfest in&nbsp;Sankt Wendel&nbsp;sowie ein Fest auf dem Weingut Barzen in&nbsp;Reilan der Mosel. Auch innerhalb der Gemeinde war der Verein musikalisch sehr pr\u00e4sent, beispielsweise bei der Kirmes, dem Jubil\u00e4um von Team85, dem Ecker-Stra\u00dfenfest, einer \u00f6ffentlichen Probe auf dem Schulhof, bei \u201e50 Jahre LLG Wustweiler\u201c sowie beim Adventskaffee an der Kelter. Hinzu kamen feste Termine im Jahresverlauf wie Sankt Martin, der Volkstrauertag und das Weihnachtsblasen am Mittag des Heiligen Abends.<\/p>\n\n\n\n<p>Besonders erfolgreich war auch die \u00f6ffentliche Open-Air-Probe auf dem Schulhof, die von mehr als 80 Besucherinnen und Besuchern verfolgt wurde. Die Vielzahl an Auftritten, Konzerten und musikalischen Begleitungen zeigt einmal mehr, wie pr\u00e4sent und engagiert der Musikverein im Dorfleben und dar\u00fcber hinaus ist. F\u00fcr die geleistete Arbeit im Jahr 2025 bedankte sich der Vorstand herzlich bei allen Mitgliedern sowie den Musikerinnen und Musikern.<\/p>\n\n\n\n<p>Positiv entwickelte sich auch die Jugendarbeit des Vereins. Gleich zwei Sch\u00fclerkonzerte fanden im vergangenen Jahr im Dorfgemeinschaftsraum statt, einmal im Juli mit anschlie\u00dfendem Grillen und ein weiteres Mal im Dezember bei Kinderpunsch und Waffeln. Derzeit befinden sich 20 Kinder und Jugendliche in musikalischer Ausbildung beim Verein. Auch das erneut produzierte Weihnachtsvideo erreichte im Dezember mehrere tausend Menschen.<\/p>\n\n\n\n<p>Ein wichtiger Punkt der Versammlung waren zudem die Neuwahlen des Vorstandes. Das gesch\u00e4ftsf\u00fchrende Vorstandsteam besteht k\u00fcnftig aus Andr\u00e9 Sieger, Christian Bodem, Bruno Klein und Kevin D\u00f6rr. Als Jugendvertreter wurden Matthias Meiser und Fabienne D\u00f6rr gew\u00e4hlt. Julia Senzig und Christian Eckert, bekannt als \u201eBeatle\u201c, unterst\u00fctzen den Verein k\u00fcnftig als Beisitzer. Patrick Kuhn \u00fcbernimmt das Amt des Material- und Notenwarts. Zu Kassenpr\u00fcfern wurden Rainer Hahn und Eugen Eckert gew\u00e4hlt. Die musikalische Leitung liegt weiterhin in den H\u00e4nden von Thorsten Koch und Fabian Scheid.<\/p>\n\n\n\n<p>Ein besonderer Dank galt Julia Senzig f\u00fcr ihre langj\u00e4hrige Arbeit im gesch\u00e4ftsf\u00fchrenden Vorstandsteam. Dem Vorstand bleibt sie weiterhin als Beisitzerin erhalten.<\/p>\n\n\n\n<p>Im Rahmen der Versammlung wurde au\u00dferdem \u00fcber die weiterhin sehr positive musikalische Entwicklung der Dorfband berichtet. Die Formation erfreut sich gro\u00dfer Beliebtheit bei neuen Musikerinnen und Musikern sowie bei Veranstaltern und erh\u00e4lt zahlreiche Auftrittsanfragen.<\/p>\n\n\n\n<p>Auch die anstehende Sommertour der Dorfband wurde vorgestellt. In den kommenden vier Monaten stehen sieben Auftritte im Saarland und dar\u00fcber hinaus auf dem Programm. Der Auftakt erfolgte bereits Ende April bei \u201eFr\u00fchling auf Finkenrech\u201c, wo die Band bei strahlendem Sonnenschein vor zahlreichen Besucherinnen und Besuchern \u00fcberzeugen konnte.<\/p>\n\n\n\n<figure class=\"wp-block-image size-large\"><a href=\"http:\/\/www.musikverein-wustweiler.de\/wp-content\/uploads\/2026\/04\/Bild-Dorfband.jpg\"><img loading=\"lazy\" width=\"1024\" height=\"683\" src=\"http:\/\/www.musikverein-wustweiler.de\/wp-content\/uploads\/2026\/04\/Bild-Dorfband-1024x683.jpg\" alt=\"\" class=\"wp-image-2805\" srcset=\"https:\/\/www.musikverein-wustweiler.de\/wp-content\/uploads\/2026\/04\/Bild-Dorfband-1024x683.jpg 1024w, https:\/\/www.musikverein-wustweiler.de\/wp-content\/uploads\/2026\/04\/Bild-Dorfband-300x200.jpg 300w, https:\/\/www.musikverein-wustweiler.de\/wp-content\/uploads\/2026\/04\/Bild-Dorfband-768x512.jpg 768w, https:\/\/www.musikverein-wustweiler.de\/wp-content\/uploads\/2026\/04\/Bild-Dorfband-1536x1024.jpg 1536w, https:\/\/www.musikverein-wustweiler.de\/wp-content\/uploads\/2026\/04\/Bild-Dorfband-450x300.jpg 450w, https:\/\/www.musikverein-wustweiler.de\/wp-content\/uploads\/2026\/04\/Bild-Dorfband.jpg 1600w\" sizes=\"(max-width: 1024px) 100vw, 1024px\" \/><\/a><\/figure>\n\n\n\n<p>Auch beim Wustweiler Dorffest ist der Musikverein wieder vertreten. Traditionell werden dort Musikantensteaks angeboten. Dar\u00fcber hinaus betreibt der Verein gemeinsam mit der Langlaufgemeinschaft einen Weinstand. Musikalisch ist die Dorfband am Samstagabend, 20. Juni, von 19 bis 21 Uhr auf der Hauptb\u00fchne zu h\u00f6ren.<\/p>\n\n\n\n<p>Insgesamt zeigt sich der Musikverein Wustweiler musikalisch und organisatorisch hervorragend aufgestellt und blickt mit gro\u00dfer Vorfreude auf die kommenden Monate und Jahre.<\/p>\n","protected":false},"excerpt":{"rendered":"<p>Anfang April fand die Mitgliederversammlung des Musikvereins Wustweiler statt. Dabei blickte der Verein auf ein \u00e4u\u00dferst erfolgreiches Jahr mit zahlreichen musikalischen Terminen und Veranstaltungen zur\u00fcck. Allein die Dorfband des Musikvereins war im vergangenen Jahr bei zehn \u00f6ffentlichen Auftritten und Festen &hellip; <a href=\"https:\/\/www.musikverein-wustweiler.de\/?p=2804\">Weiterlesen <span class=\"meta-nav\">&rarr;<\/span><\/a><\/p>\n","protected":false},"author":1,"featured_media":0,"comment_status":"closed","ping_status":"closed","sticky":false,"template":"","format":"standard","meta":[],"categories":[10],"tags":[],"_links":{"self":[{"href":"https:\/\/www.musikverein-wustweiler.de\/index.php?rest_route=\/wp\/v2\/posts\/2804"}],"collection":[{"href":"https:\/\/www.musikverein-wustweiler.de\/index.php?rest_route=\/wp\/v2\/posts"}],"about":[{"href":"https:\/\/www.musikverein-wustweiler.de\/index.php?rest_route=\/wp\/v2\/types\/post"}],"author":[{"embeddable":true,"href":"https:\/\/www.musikverein-wustweiler.de\/index.php?rest_route=\/wp\/v2\/users\/1"}],"replies":[{"embeddable":true,"href":"https:\/\/www.musikverein-wustweiler.de\/index.php?rest_route=%2Fwp%2Fv2%2Fcomments&post=2804"}],"version-history":[{"count":1,"href":"https:\/\/www.musikverein-wustweiler.de\/index.php?rest_route=\/wp\/v2\/posts\/2804\/revisions"}],"predecessor-version":[{"id":2806,"href":"https:\/\/www.musikverein-wustweiler.de\/index.php?rest_route=\/wp\/v2\/posts\/2804\/revisions\/2806"}],"wp:attachment":[{"href":"https:\/\/www.musikverein-wustweiler.de\/index.php?rest_route=%2Fwp%2Fv2%2Fmedia&parent=2804"}],"wp:term":[{"taxonomy":"category","embeddable":true,"href":"https:\/\/www.musikverein-wustweiler.de\/index.php?rest_route=%2Fwp%2Fv2%2Fcategories&post=2804"},{"taxonomy":"post_tag","embeddable":true,"href":"https:\/\/www.musikverein-wustweiler.de\/index.php?rest_route=%2Fwp%2Fv2%2Ftags&post=2804"}],"curies":[{"name":"wp","href":"https:\/\/api.w.org\/{rel}","templated":true}]}}