{"id":962,"date":"2014-12-16T22:09:14","date_gmt":"2014-12-16T22:09:14","guid":{"rendered":"http:\/\/musikverein-wustweiler.de\/?p=962"},"modified":"2014-12-16T22:09:14","modified_gmt":"2014-12-16T22:09:14","slug":"nachwuchs-auf-dem-vormarsch-2","status":"publish","type":"post","link":"http:\/\/www.musikverein-wustweiler.de\/?p=962","title":{"rendered":"Nachwuchs auf dem Vormarsch"},"content":{"rendered":"<p style=\"text-align: justify;\"><strong>Junge Musiker des Musikverein Wustweiler geben erstes Konzert.<\/strong><\/p>\n<p>Nervosit\u00e4t, Herzrasen und gleichzeitig Vorfreude. So k\u00f6nnte man die Gef\u00fchlslage der jungen Musikerinnen und Musiker kurz vor dem Auftritt beschreiben, die Anfang November erstmals ihr musikalisches K\u00f6nnen unter Beweis stellten. Zu einem kleinen Sch\u00fclerkonzert hatte der Musikverein Wustweiler in den Proberaum des Vereins eingeladen und viele Eltern, Gro\u00dfeltern und Freunde der Musiker waren der Einladung gefolgt.<\/p>\n<p><a href=\"http:\/\/musikverein-wustweiler.de\/wp-content\/uploads\/2014\/12\/Foto-29.11.14-13-27-36.jpg\"><img loading=\"lazy\" class=\"aligncenter wp-image-907 \" src=\"http:\/\/musikverein-wustweiler.de\/wp-content\/uploads\/2014\/12\/Foto-29.11.14-13-27-36-1024x682.jpg\" alt=\"Foto 29.11.14 13 27 36\" width=\"502\" height=\"334\" srcset=\"http:\/\/www.musikverein-wustweiler.de\/wp-content\/uploads\/2014\/12\/Foto-29.11.14-13-27-36-1024x682.jpg 1024w, http:\/\/www.musikverein-wustweiler.de\/wp-content\/uploads\/2014\/12\/Foto-29.11.14-13-27-36-300x199.jpg 300w, http:\/\/www.musikverein-wustweiler.de\/wp-content\/uploads\/2014\/12\/Foto-29.11.14-13-27-36.jpg 1280w\" sizes=\"(max-width: 502px) 100vw, 502px\" \/><\/a><\/p>\n<p>Als Solisten und in kleinen Gruppen zusammen mit den Musikausbildern pr\u00e4sentieren die Nachwuchsmusiker verschiedene Musiktitel. F\u00fcr einige Musiker war dies der erste Auftritt vor Publikum, welcher mit Bravur gemeistert und von den Besuchern mit gro\u00dfem Applaus gew\u00fcrdigt wurde.<\/p>\n<p><a href=\"http:\/\/musikverein-wustweiler.de\/wp-content\/uploads\/2014\/12\/Nicklas-Zimmermann-im-Duett-mit-Ausbilder-Michael-Bick.jpg\"><img loading=\"lazy\" class=\"aligncenter wp-image-912 \" src=\"http:\/\/musikverein-wustweiler.de\/wp-content\/uploads\/2014\/12\/Nicklas-Zimmermann-im-Duett-mit-Ausbilder-Michael-Bick-682x1024.jpg\" alt=\"Nicklas Zimmermann im Duett mit Ausbilder Michael Bick\" width=\"352\" height=\"529\" srcset=\"http:\/\/www.musikverein-wustweiler.de\/wp-content\/uploads\/2014\/12\/Nicklas-Zimmermann-im-Duett-mit-Ausbilder-Michael-Bick-682x1024.jpg 682w, http:\/\/www.musikverein-wustweiler.de\/wp-content\/uploads\/2014\/12\/Nicklas-Zimmermann-im-Duett-mit-Ausbilder-Michael-Bick-200x300.jpg 200w, http:\/\/www.musikverein-wustweiler.de\/wp-content\/uploads\/2014\/12\/Nicklas-Zimmermann-im-Duett-mit-Ausbilder-Michael-Bick.jpg 1024w\" sizes=\"(max-width: 352px) 100vw, 352px\" \/><img loading=\"lazy\" class=\"alignleft wp-image-903 size-thumbnail\" src=\"http:\/\/musikverein-wustweiler.de\/wp-content\/uploads\/2014\/12\/Foto-22.11.14-16-12-31-150x150.jpg\" alt=\"Foto 22.11.14 16 12 31\" width=\"150\" height=\"150\" \/><\/a><\/p>\n<p><a href=\"http:\/\/musikverein-wustweiler.de\/wp-content\/uploads\/2014\/12\/Nicklas-Zimmermann-im-Duett-mit-Ausbilder-Michael-Bick.jpg\"><img loading=\"lazy\" class=\"alignleft wp-image-905 size-thumbnail\" src=\"http:\/\/musikverein-wustweiler.de\/wp-content\/uploads\/2014\/12\/Foto-29.11.14-13-18-24-150x150.jpg\" alt=\"Foto 29.11.14 13 18 24\" width=\"150\" height=\"150\" \/><\/a> <a href=\"http:\/\/musikverein-wustweiler.de\/wp-content\/uploads\/2014\/12\/Josephine-Mrosek-an-der-Querfl\u00f6te.jpg\"><img loading=\"lazy\" class=\"alignleft wp-image-910 size-thumbnail\" src=\"http:\/\/musikverein-wustweiler.de\/wp-content\/uploads\/2014\/12\/Josephine-Mrosek-an-der-Querfl\u00f6te-150x150.jpg\" alt=\"Josephine Mrosek an der Querfl\u00f6te\" width=\"150\" height=\"150\" \/><img loading=\"lazy\" class=\"alignleft wp-image-909 size-thumbnail\" src=\"http:\/\/musikverein-wustweiler.de\/wp-content\/uploads\/2014\/12\/Julian-L\u00f6sch-zusammen-mit-Ausbilder-Michael-Bick-150x150.jpg\" alt=\"Julian L\u00f6sch zusammen mit Ausbilder Michael Bick\" width=\"150\" height=\"150\" \/><\/a><\/p>\n<p><img loading=\"lazy\" class=\"alignleft wp-image-904 size-thumbnail\" src=\"http:\/\/musikverein-wustweiler.de\/wp-content\/uploads\/2014\/12\/Foto-29.11.14-11-54-04-150x150.jpg\" alt=\"Foto 29.11.14 11 54 04\" width=\"150\" height=\"150\" \/>\u00a0<img loading=\"lazy\" class=\"alignleft wp-image-906 size-thumbnail\" src=\"http:\/\/musikverein-wustweiler.de\/wp-content\/uploads\/2014\/12\/Foto-29.11.14-13-27-35-150x150.jpg\" alt=\"Foto 29.11.14 13 27 35\" width=\"150\" height=\"150\" \/><\/p>\n<p>&nbsp;<\/p>\n<p>&nbsp;<\/p>\n<p>&nbsp;<\/p>\n<p>&nbsp;<\/p>\n<p>&nbsp;<\/p>\n<p>&nbsp;<\/p>\n<p>&nbsp;<\/p>\n<p>&nbsp;<\/p>\n<p>&nbsp;<\/p>\n<p>&nbsp;<\/p>\n<p>&nbsp;<\/p>\n<p>&nbsp;<\/p>\n<p>&nbsp;<\/p>\n<p>&nbsp;<\/p>\n<p>&nbsp;<\/p>\n<p>&nbsp;<\/p>\n<p>&nbsp;<\/p>\n<p>&nbsp;<\/p>\n<p style=\"text-align: right;\"><em>Gespielt haben: <\/em><\/p>\n<p style=\"text-align: right;\"><em>Nicklas Zimmerman (Saxophon), <\/em><\/p>\n<p style=\"text-align: right;\"><em>Anna-Lena D\u00f6rr (Querfl\u00f6te), <\/em><\/p>\n<p style=\"text-align: right;\"><em>Lara Weinhold (Querfl\u00f6te), <\/em><\/p>\n<p style=\"text-align: right;\"><em>Josephine Mrosek (Querfl\u00f6te), <\/em><\/p>\n<p style=\"text-align: right;\"><em>Liliana Paul (Querfl\u00f6te), <\/em><\/p>\n<p style=\"text-align: right;\"><em>Julian L\u00f6sch (Saxophon) <\/em><\/p>\n<p style=\"text-align: right;\"><em>Fabienne D\u00f6rr (Querfl\u00f6te), <\/em><\/p>\n<p style=\"text-align: right;\"><em>Michael Bick (Saxophon-Ausbilder), <\/em><\/p>\n<p style=\"text-align: right;\"><em>Stephanie Frick (Querfl\u00f6ten-Ausbilderin)<\/em><\/p>\n<p>&nbsp;<\/p>\n<p>Dass man durch flei\u00dfiges \u00dcben eines Instrumentes auch gro\u00dfe Erfolge einfahren kann, zeigte Fabienne D\u00f6rr eindrucksvoll. Ihr wurde an diesem Nachmittag f\u00fcr das hervorragende Bestehen der D1-Pr\u00fcfung, einer musikalischen Pr\u00fcfung des Bund Saarl\u00e4ndischer Musikvereine, das Leistungsabzeichen in Bronze verliehen. Hierzu nochmals herzlichen Gl\u00fcckwunsch vom ganzen Musikverein Wustweiler und weiter so!<\/p>\n<p><a href=\"http:\/\/musikverein-wustweiler.de\/wp-content\/uploads\/2014\/12\/Fabienne-D\u00f6rr-bekommt-die-Ehrennadel-in-Bronze-vom-Bund-Saarl\u00e4ndischer-Musikvereine-e1418760119852.jpg\"><img loading=\"lazy\" class=\"aligncenter  wp-image-901\" src=\"http:\/\/musikverein-wustweiler.de\/wp-content\/uploads\/2014\/12\/Fabienne-D\u00f6rr-bekommt-die-Ehrennadel-in-Bronze-vom-Bund-Saarl\u00e4ndischer-Musikvereine-e1418760119852-764x1024.jpg\" alt=\"Fabienne D\u00f6rr bekommt die Ehrennadel in Bronze vom Bund Saarl\u00e4ndischer Musikvereine\" width=\"438\" height=\"587\" srcset=\"http:\/\/www.musikverein-wustweiler.de\/wp-content\/uploads\/2014\/12\/Fabienne-D\u00f6rr-bekommt-die-Ehrennadel-in-Bronze-vom-Bund-Saarl\u00e4ndischer-Musikvereine-e1418760119852-764x1024.jpg 764w, http:\/\/www.musikverein-wustweiler.de\/wp-content\/uploads\/2014\/12\/Fabienne-D\u00f6rr-bekommt-die-Ehrennadel-in-Bronze-vom-Bund-Saarl\u00e4ndischer-Musikvereine-e1418760119852-224x300.jpg 224w, http:\/\/www.musikverein-wustweiler.de\/wp-content\/uploads\/2014\/12\/Fabienne-D\u00f6rr-bekommt-die-Ehrennadel-in-Bronze-vom-Bund-Saarl\u00e4ndischer-Musikvereine-e1418760119852.jpg 1936w\" sizes=\"(max-width: 438px) 100vw, 438px\" \/><\/a><\/p>\n<p style=\"text-align: justify;\"><strong>Verdiente Mitglieder wurden geehrt<\/strong><\/p>\n<p style=\"text-align: justify;\">Neben der Premiere der jungen Stars wurden im Rahmen des kleinen Konzertes auch verdienten aktiven und inaktiven Mitgliedern des Vereins gedankt. So wurden Tanja Quinten, Maria geb. Scherer, Katrin Scherer, Helene Spaniol, Peter Graf und Peter Theres f\u00fcr 25 Jahre f\u00f6rdernde Mitgliedschaft ausgezeichnet. Kathrin Bohlen erhielt eine Urkunde f\u00fcr 20 Jahre und Michael Kuhn f\u00fcr mehr als 30 Jahre aktive Mitgliedschaft im Verein. Der Spitzenreiter bei den Ehrungen war allerdings Hans Nix. Ihm wurde f\u00fcr 60 Jahre ununterbrochene f\u00f6rdernde Mitgliedschaft im Musikverein Wustweiler gedankt. \u201eOhne solch tolle aktive und vor allem auch inaktive Mitglieder k\u00f6nnte ein Verein wie der Musikverein Wustweiler nicht \u00fcberleben\u201c, dankte Daniela Kleer im Namen des Vereins allen Jubilaren.<\/p>\n<p style=\"text-align: justify;\"><a href=\"http:\/\/musikverein-wustweiler.de\/wp-content\/uploads\/2014\/12\/Tanja-Quinten-Michael-Kuhn-Maria-Kathrin-Bohlen.jpg\"><img loading=\"lazy\" class=\"aligncenter  wp-image-913\" src=\"http:\/\/musikverein-wustweiler.de\/wp-content\/uploads\/2014\/12\/Tanja-Quinten-Michael-Kuhn-Maria-Kathrin-Bohlen-1024x764.jpg\" alt=\"Tanja Quinten, Michael Kuhn, Maria , Kathrin Bohlen\" width=\"503\" height=\"375\" srcset=\"http:\/\/www.musikverein-wustweiler.de\/wp-content\/uploads\/2014\/12\/Tanja-Quinten-Michael-Kuhn-Maria-Kathrin-Bohlen-1024x764.jpg 1024w, http:\/\/www.musikverein-wustweiler.de\/wp-content\/uploads\/2014\/12\/Tanja-Quinten-Michael-Kuhn-Maria-Kathrin-Bohlen-300x224.jpg 300w\" sizes=\"(max-width: 503px) 100vw, 503px\" \/><\/a><\/p>\n<p style=\"text-align: justify;\">Dass beim Musikverein nicht immer nur Musik im Vordergrund steht sondern auch gemeinsame Erlebnisse au\u00dferhalb von Proben und Konzerten, davon konnten sich einige junge Musiker in diesem Jahr auch selbst \u00fcberzeugen.<\/p>\n<p style=\"text-align: justify;\"><strong>Junge Musiker rocken den Kletterpark Homburg<\/strong><\/p>\n<p style=\"text-align: justify;\">Bereits im Sp\u00e4tsommer unternahm der Musikernachwuchs einen Ausflug zum Kletterpark Homburg. Fabienne D\u00f6rr hat diesen Tag aus ihrer Sicht zusammengefasst:<\/p>\n<p style=\"text-align: justify;\">Ende September unternahmen die Kinder und Jugendlichen des Musikvereins Wustweiler gemeinsam mit drei Betreuerinnen einen Ausflug in den FunForest in Homburg.<\/p>\n<p style=\"text-align: justify;\">Nach einer ausf\u00fchrlichen Einf\u00fchrung in das Sicherheitssystem des Parks kletterten wir in kleinen Gruppen durch die verschiedenen Parcours<em>. <\/em>Wer sich auf den h\u00f6chsten aller Parcours traute, konnte am Ende mit der Seilrutsche \u00fcber den J\u00e4gersburger Weiher rutschen.<\/p>\n<p style=\"text-align: justify;\">Zum Abschluss des Ausfluges grillten wir gemeinsam mit den anderen Vereinsmitgliedern im Au\u00dfenbereich des Proberaums des Musikvereins Wustweiler.<\/p>\n<p style=\"text-align: justify;\"><em>Mit dabei waren: Lucie, Josephine, Maximilian, Julian, Max, Sophie, Giuliana, Lara, Anna-Lena. Fabienne, Julia, Eva, Kristin<\/em><\/p>\n<p style=\"text-align: justify;\"><a href=\"http:\/\/musikverein-wustweiler.de\/wp-content\/uploads\/2014\/12\/Musikverein-Wustweiler-im-Kletterpark-Homburg.jpg\"><img loading=\"lazy\" class=\"aligncenter wp-image-911\" src=\"http:\/\/musikverein-wustweiler.de\/wp-content\/uploads\/2014\/12\/Musikverein-Wustweiler-im-Kletterpark-Homburg-1024x768.jpg\" alt=\"Musikverein Wustweiler im Kletterpark Homburg\" width=\"499\" height=\"374\" srcset=\"http:\/\/www.musikverein-wustweiler.de\/wp-content\/uploads\/2014\/12\/Musikverein-Wustweiler-im-Kletterpark-Homburg-1024x768.jpg 1024w, http:\/\/www.musikverein-wustweiler.de\/wp-content\/uploads\/2014\/12\/Musikverein-Wustweiler-im-Kletterpark-Homburg-300x225.jpg 300w, http:\/\/www.musikverein-wustweiler.de\/wp-content\/uploads\/2014\/12\/Musikverein-Wustweiler-im-Kletterpark-Homburg.jpg 1280w\" sizes=\"(max-width: 499px) 100vw, 499px\" \/><\/a><\/p>\n<p style=\"text-align: justify;\">Ein dickes Danksch\u00f6n an Eva D\u00f6rr, Julia Senzig und Kristin Klein f\u00fcr die tolle Organisation des Ausfluges. (Bericht: Fabienne D\u00f6rr)<\/p>\n<p>An dieser Stelle m\u00f6chte sich der Musikverein Wustweiler bei allen Mitgliedern, Musikern, Konzertbesuchern und Freunden des Vereins f\u00fcr die Unterst\u00fctzung im vergangenen Jahr bedanken. Wir w\u00fcnschen allen eine sch\u00f6ne Weihnachtszeit und einen musikalisch guten Start in das Jahr 2015.<\/p>\n","protected":false},"excerpt":{"rendered":"<p>Junge Musiker des Musikverein Wustweiler geben erstes Konzert. Nervosit\u00e4t, Herzrasen und gleichzeitig Vorfreude. So k\u00f6nnte man die Gef\u00fchlslage der jungen Musikerinnen und Musiker kurz vor dem Auftritt beschreiben, die Anfang November erstmals ihr musikalisches K\u00f6nnen unter Beweis stellten. Zu einem &hellip; <a href=\"http:\/\/www.musikverein-wustweiler.de\/?p=962\">Weiterlesen <span class=\"meta-nav\">&rarr;<\/span><\/a><\/p>\n","protected":false},"author":1,"featured_media":0,"comment_status":"closed","ping_status":"closed","sticky":false,"template":"","format":"standard","meta":[],"categories":[10],"tags":[],"_links":{"self":[{"href":"http:\/\/www.musikverein-wustweiler.de\/index.php?rest_route=\/wp\/v2\/posts\/962"}],"collection":[{"href":"http:\/\/www.musikverein-wustweiler.de\/index.php?rest_route=\/wp\/v2\/posts"}],"about":[{"href":"http:\/\/www.musikverein-wustweiler.de\/index.php?rest_route=\/wp\/v2\/types\/post"}],"author":[{"embeddable":true,"href":"http:\/\/www.musikverein-wustweiler.de\/index.php?rest_route=\/wp\/v2\/users\/1"}],"replies":[{"embeddable":true,"href":"http:\/\/www.musikverein-wustweiler.de\/index.php?rest_route=%2Fwp%2Fv2%2Fcomments&post=962"}],"version-history":[{"count":70,"href":"http:\/\/www.musikverein-wustweiler.de\/index.php?rest_route=\/wp\/v2\/posts\/962\/revisions"}],"predecessor-version":[{"id":1032,"href":"http:\/\/www.musikverein-wustweiler.de\/index.php?rest_route=\/wp\/v2\/posts\/962\/revisions\/1032"}],"wp:attachment":[{"href":"http:\/\/www.musikverein-wustweiler.de\/index.php?rest_route=%2Fwp%2Fv2%2Fmedia&parent=962"}],"wp:term":[{"taxonomy":"category","embeddable":true,"href":"http:\/\/www.musikverein-wustweiler.de\/index.php?rest_route=%2Fwp%2Fv2%2Fcategories&post=962"},{"taxonomy":"post_tag","embeddable":true,"href":"http:\/\/www.musikverein-wustweiler.de\/index.php?rest_route=%2Fwp%2Fv2%2Ftags&post=962"}],"curies":[{"name":"wp","href":"https:\/\/api.w.org\/{rel}","templated":true}]}}