{"id":623,"date":"2013-10-27T21:17:14","date_gmt":"2013-10-27T21:17:14","guid":{"rendered":"http:\/\/musikverein-wustweiler.de\/?p=623"},"modified":"2013-10-28T11:42:07","modified_gmt":"2013-10-28T11:42:07","slug":"italienische-lebensfreude-pur-im-kulturforum-illipse","status":"publish","type":"post","link":"http:\/\/www.musikverein-wustweiler.de\/?p=623","title":{"rendered":"Italienische Lebensfreude pur im Kulturforum Illipse!"},"content":{"rendered":"<p><strong>Musikverein Wustweiler pr\u00e4sentiert die \u201evino e musica\u201c.<\/strong><\/p>\n<p>Italienische Musik, Literatur, kulinarische K\u00f6stlichkeiten und nat\u00fcrlich Weine sind die Zutaten der \u201evino e musica\u201c, welche erstmals vom Musikverein Wustweiler in Zusammenarbeit mit der Gemeinde Illingen am Samstag, 9. November um 20.00 Uhr im Kulturforum Illipse Illingen veranstaltet wird. Dabei erwartet die Besucher eine italienische Genussreise durch die Regionen Piemont, Sizilien, Toskana, Venetien und Apulien. Die Idee zum Event entstand durch verschiedene Inspirationen der Musikerinnen und Musiker, die unter anderem w\u00e4hrend den Konzertreisen des Orchesters nach Italien gesammelt wurden. \u201eMit dem Land Italien verbindet uns eine lange Freundschaft\u201c, beschreibt Daniela Kleer, die erste Vorsitzende des Vereins, die Vorliebe f\u00fcr Italien. Das 35-k\u00f6pfige Orchester des Musikvereins wird die musikalischen Akzente zu den verschiedenen Regionen Italiens setzen. Von Gianna Nannini bis Giuseppe Verdi, von Puccini bis Eros Ramazotti. Wer an italienische Musik denkt, dem fallen viele bekannte Namen aus unterschiedlichen Musikrichtungen ein. \u201eDiese Bandbreite von klassischer bis hin zu moderner Pop- und Filmmusik erwartet die Besucher des Events\u201c, erkl\u00e4rt Christoph Schorr, Dirigent des Musikvereins Wustweiler. Neben der Musik sollen Geschichten, Gedichte und Texte aus Italien dazu beitragen, Bilder im Kopf der Besucher zu erzeugen. Kulinarisch wird die Idee der \u201evino e musica\u201c mit Antipasti und nat\u00fcrlich Weinen aus Italien abgerundet. Informationen zu den Weinen, deren Anbaugebieten sowie der richtigen Verkostung liefert Dirk Himbert den Besuchern. Als IHK-gepr\u00fcfter Sommelier ist er ein echter Profi in Sachen Wein. Ebenfalls ein Profi, allerdings in Sachen Moderation, ist Thomas Rosch. Als \u201eKollege Rosch\u201c ist er wohl vielen Saarl\u00e4ndern bekannt und noch besser im Ohr. T\u00e4glich ab 9 Uhr gegr\u00fc\u00dft er auf SR 1 Europawelle seine H\u00f6rer und begleitet diese in den Tag. Als absoluter Weinfan wird er die \u201evino e musica\u201c moderieren. Den literarischen Part der einzigartigen Reise durch Italien \u00fcbernimmt Gerhard Spaniol. Mit seiner wohlklingenden Stimme und den passenden Texten tr\u00e4gt der begnadete Theaterspieler und Karnevalist aus dem Illtal seinen Teil zu einer sicherlich unvergesslichen \u201evino e musica\u201c bei.<\/p>\n<p>Die Tickets f\u00fcr das Genussfest der Sinne im Kulturforum Illipse Illingen sind im Vorverkauf zum Preis von 24,50 Euro (inklusive Weine, Antipasti, Lesung und Konzert) beim Kulturamt der Gemeinde Illingen (Tel.: 06825-409220) erh\u00e4ltlich. Aufgrund der begrenzten Anzahl sollten sich Musikfans und Genie\u00dfer des Lebens, nach dem Motto \u201e La Dolce Vita\u201c, besser beeilen, um sich ihre Tickets f\u00fcr die \u201evino e musica\u201c zu sichern.<\/p>\n<p><strong><em>VINO E MUSICA \/ 9. November 2013 \/ 20.00 Uhr (Einlass 19.00 Uhr) Kulturforum Illipse Illingen<\/em><\/strong><\/p>\n<p style=\"text-align: center;\"><a href=\"http:\/\/musikverein-wustweiler.de\/wp-content\/uploads\/2013\/10\/Dokumentseite_2_Flyer1.jpg\"><img loading=\"lazy\" class=\"alignleft size-medium wp-image-647\" title=\"Dokumentseite_2_Flyer\" src=\"http:\/\/musikverein-wustweiler.de\/wp-content\/uploads\/2013\/10\/Dokumentseite_2_Flyer1-300x129.jpg\" alt=\"\" width=\"300\" height=\"129\" srcset=\"http:\/\/www.musikverein-wustweiler.de\/wp-content\/uploads\/2013\/10\/Dokumentseite_2_Flyer1-300x129.jpg 300w, http:\/\/www.musikverein-wustweiler.de\/wp-content\/uploads\/2013\/10\/Dokumentseite_2_Flyer1-1024x441.jpg 1024w\" sizes=\"(max-width: 300px) 100vw, 300px\" \/><\/a><\/p>\n<p style=\"text-align: center;\"><a href=\"http:\/\/musikverein-wustweiler.de\/wp-content\/uploads\/2013\/10\/Dokumentseite_1_Flyer.jpg\"><img loading=\"lazy\" class=\"alignleft size-medium wp-image-626\" title=\"Dokumentseite_1_Flyer\" src=\"http:\/\/musikverein-wustweiler.de\/wp-content\/uploads\/2013\/10\/Dokumentseite_1_Flyer-300x129.jpg\" alt=\"\" width=\"300\" height=\"129\" srcset=\"http:\/\/www.musikverein-wustweiler.de\/wp-content\/uploads\/2013\/10\/Dokumentseite_1_Flyer-300x129.jpg 300w, http:\/\/www.musikverein-wustweiler.de\/wp-content\/uploads\/2013\/10\/Dokumentseite_1_Flyer-1024x441.jpg 1024w\" sizes=\"(max-width: 300px) 100vw, 300px\" \/><\/a><\/p>\n<p style=\"text-align: center;\"><a href=\"http:\/\/musikverein-wustweiler.de\/wp-content\/uploads\/2013\/09\/Plakat-als-jpg.jpg\"><img loading=\"lazy\" class=\"wp-image-586 aligncenter\" title=\"Plakat als jpg\" src=\"http:\/\/musikverein-wustweiler.de\/wp-content\/uploads\/2013\/09\/Plakat-als-jpg-724x1024.jpg\" alt=\"\" width=\"365\" height=\"516\" srcset=\"http:\/\/www.musikverein-wustweiler.de\/wp-content\/uploads\/2013\/09\/Plakat-als-jpg-724x1024.jpg 724w, http:\/\/www.musikverein-wustweiler.de\/wp-content\/uploads\/2013\/09\/Plakat-als-jpg-212x300.jpg 212w\" sizes=\"(max-width: 365px) 100vw, 365px\" \/><\/a><\/p>\n","protected":false},"excerpt":{"rendered":"<p>Musikverein Wustweiler pr\u00e4sentiert die \u201evino e musica\u201c. Italienische Musik, Literatur, kulinarische K\u00f6stlichkeiten und nat\u00fcrlich Weine sind die Zutaten der \u201evino e musica\u201c, welche erstmals vom Musikverein Wustweiler in Zusammenarbeit mit der Gemeinde Illingen am Samstag, 9. November um 20.00 Uhr &hellip; <a href=\"http:\/\/www.musikverein-wustweiler.de\/?p=623\">Weiterlesen <span class=\"meta-nav\">&rarr;<\/span><\/a><\/p>\n","protected":false},"author":1,"featured_media":0,"comment_status":"closed","ping_status":"closed","sticky":false,"template":"","format":"standard","meta":[],"categories":[13,5,10],"tags":[31,27,22,29,26,30,28,20,25],"_links":{"self":[{"href":"http:\/\/www.musikverein-wustweiler.de\/index.php?rest_route=\/wp\/v2\/posts\/623"}],"collection":[{"href":"http:\/\/www.musikverein-wustweiler.de\/index.php?rest_route=\/wp\/v2\/posts"}],"about":[{"href":"http:\/\/www.musikverein-wustweiler.de\/index.php?rest_route=\/wp\/v2\/types\/post"}],"author":[{"embeddable":true,"href":"http:\/\/www.musikverein-wustweiler.de\/index.php?rest_route=\/wp\/v2\/users\/1"}],"replies":[{"embeddable":true,"href":"http:\/\/www.musikverein-wustweiler.de\/index.php?rest_route=%2Fwp%2Fv2%2Fcomments&post=623"}],"version-history":[{"count":23,"href":"http:\/\/www.musikverein-wustweiler.de\/index.php?rest_route=\/wp\/v2\/posts\/623\/revisions"}],"predecessor-version":[{"id":648,"href":"http:\/\/www.musikverein-wustweiler.de\/index.php?rest_route=\/wp\/v2\/posts\/623\/revisions\/648"}],"wp:attachment":[{"href":"http:\/\/www.musikverein-wustweiler.de\/index.php?rest_route=%2Fwp%2Fv2%2Fmedia&parent=623"}],"wp:term":[{"taxonomy":"category","embeddable":true,"href":"http:\/\/www.musikverein-wustweiler.de\/index.php?rest_route=%2Fwp%2Fv2%2Fcategories&post=623"},{"taxonomy":"post_tag","embeddable":true,"href":"http:\/\/www.musikverein-wustweiler.de\/index.php?rest_route=%2Fwp%2Fv2%2Ftags&post=623"}],"curies":[{"name":"wp","href":"https:\/\/api.w.org\/{rel}","templated":true}]}}