{"id":583,"date":"2013-09-19T08:48:11","date_gmt":"2013-09-19T08:48:11","guid":{"rendered":"http:\/\/musikverein-wustweiler.de\/?p=583"},"modified":"2022-12-15T19:35:03","modified_gmt":"2022-12-15T19:35:03","slug":"musikverein-wustweiler-e-v-prasentiert-vino-e-musica","status":"publish","type":"post","link":"http:\/\/www.musikverein-wustweiler.de\/?p=583","title":{"rendered":"Eine Weinprobe der besonderen Art"},"content":{"rendered":"<p><strong><span style=\"color: #000000;\">Musikverein Wustweiler pr\u00e4sentiert \u201evino e musica\u201c.<\/span><\/strong><\/p>\n<p>Wer zwischen den Monaten August und November in eine Weinregion nach Italien reist, sollte ein Ereignis nicht verpassen: die Weinlese! W\u00e4hrend dieser Zeit feiert die Landbev\u00f6lkerung auf zahlreichen Festen ihre Freude \u00fcber eine gute Weinernte. Diese Feste zeichnen sich durch eine ganz besondere Atmosph\u00e4re, emotionale Momente sowie die Kombination aus Musik, kulinarischen K\u00f6stlichkeiten, Literatur und nat\u00fcrlich vorz\u00fcglichen Weinen aus. Im Projekt \u201eVINO E MUSICA \u2013 eine musikalische Weinereise f\u00fcr alle Sinne\u201c m\u00f6chte der Musikverein Wustweiler in Zusammenarbeit mit der Gemeinde Illingen diese Highlights der italienischen Kultur vereinen. W\u00e4hrend einer Reise durch f\u00fcnf Weinregionen Italiens erwartet die Besucher am <strong>9. November um 20.00 Uhr in der Illipse Illingen<\/strong> neben f\u00fcnf Weinen und kulinarischen Spezialit\u00e4ten der jeweiligen Regionen auch literarische Leckerbissen. Gepaart wird das Ganze mit der entsprechenden Livemusik sowie emotionalen Bildern. Informationen zu den Weinen, der richtigen Verkostung der Weine sowie den Weing\u00fctern liefern dabei Thomas Rosch, bekannt von SR 1 Europawelle, und Dirk Himbert, IHK gepr\u00fcfter Sommelier. Mit Witz und viel Interessantem rund um das Thema Wein werden beide ihren Teil zu einem sicherlich unvergesslichen und zugleich auch bisher einzigartigen italienischen Abend beitragen.<\/p>\n<p>Die Tickets f\u00fcr das Genussfest der Sinne im Kulturforum Illipse Illingen sind ab sofort zum Preis von 24,50 Euro (inklusive Weine, Antipasti, Lesung und Konzert) beim Kulturamt der Gemeinde Illingen erh\u00e4ltlich.<\/p>\n<p><strong><em>VINO E MUSICA \/ 9. November 2013 \/ 20.00 Uhr (Einlass 19.00 Uhr) Kulturforum Illipse Illingen<\/em><\/strong><\/p>\n<p><img loading=\"lazy\" class=\"alignleft  wp-image-586\" title=\"Plakat als jpg\" src=\"http:\/\/musikverein-wustweiler.de\/wp-content\/uploads\/2013\/09\/Plakat-als-jpg-724x1024.jpg\" alt=\"\" width=\"507\" height=\"717\" srcset=\"http:\/\/www.musikverein-wustweiler.de\/wp-content\/uploads\/2013\/09\/Plakat-als-jpg-724x1024.jpg 724w, http:\/\/www.musikverein-wustweiler.de\/wp-content\/uploads\/2013\/09\/Plakat-als-jpg-212x300.jpg 212w\" sizes=\"(max-width: 507px) 100vw, 507px\" \/><\/p>\n<p><strong style=\"text-align: left;\">Wir danken allen Sponsoren, F\u00f6rderern und Partnern der<\/strong><\/p>\n<p style=\"text-align: left;\"><strong>\u201eVINO E MUSICA \u2013 Eine musikalische Weinreise f\u00fcr alle Sinne\u201c:<\/strong><\/p>\n<p style=\"text-align: left;\">\n<p><span style=\"color: #000000;\">\u00a0&#8211; \u00a0 \u00a0 \u00a0 B\u00e4ckerei Caf\u00e9 Schmidt &#8211; Illingen<\/span><\/p>\n<p><span style=\"color: #000000;\">&#8211;\u00a0\u00a0\u00a0\u00a0\u00a0\u00a0\u00a0 Dr. med. Markus Strobel &#8211; Wustweiler<\/span><\/p>\n<p><span style=\"color: #000000;\">&#8211;\u00a0\u00a0\u00a0\u00a0\u00a0\u00a0\u00a0 <a href=\"http:\/\/www.energis.de\"><span style=\"color: #000000;\">energis GmbH &#8211; Saarbr\u00fccken<\/span><\/a><\/span><\/p>\n<p><span style=\"color: #000000;\">&#8211;\u00a0\u00a0\u00a0\u00a0\u00a0\u00a0\u00a0 <a href=\"http:\/\/www.thomas-stadolka.de\"><span style=\"color: #000000;\">Friseursalon Thomas Stadolka &#8211; H\u00fcttigweiler<\/span><\/a><\/span><\/p>\n<p><span style=\"color: #000000;\">&#8211;\u00a0\u00a0\u00a0\u00a0\u00a0\u00a0\u00a0 <a href=\"http:\/\/www.gaswerk-illingen.de\"><span style=\"color: #000000;\">Gaswerk Illingen<\/span><\/a><\/span><\/p>\n<p><span style=\"color: #000000;\">&#8211;\u00a0\u00a0\u00a0\u00a0\u00a0\u00a0\u00a0 <a href=\"http:\/\/www.gegos-restaurant.de\"><span style=\"color: #000000;\">Gego&#8217;s Ristorante &#8211; Wustweiler<\/span><\/a><\/span><\/p>\n<p><span style=\"color: #000000;\">&#8211;\u00a0\u00a0\u00a0\u00a0\u00a0\u00a0\u00a0 <a href=\"http:\/\/www.illingen.de\"><span style=\"color: #000000;\">Gemeinde Illingen<\/span><\/a> \/ <a href=\"http:\/\/www.illipse.de\"><span style=\"color: #000000;\">Kulturforum Illipse Illingen<\/span><\/a><\/span><\/p>\n<p><span style=\"color: #000000;\">&#8211;\u00a0\u00a0\u00a0\u00a0\u00a0\u00a0\u00a0 <a href=\"http:\/\/www.intersport.de\/sportgeschaefte\/illingen-intersport-stiwi_s16265\"><span style=\"color: #000000;\">INTERSPORT STIWI &#8211; Illingen<\/span><\/a><\/span><\/p>\n<p><span style=\"color: #000000;\">&#8211;\u00a0\u00a0\u00a0\u00a0\u00a0\u00a0\u00a0 Kessler GmbH, Irmhild Schuhhaus &#8211; Illingen<\/span><\/p>\n<p><span style=\"color: #000000;\">&#8211;\u00a0\u00a0\u00a0\u00a0\u00a0\u00a0\u00a0<a href=\"http:\/\/www.levobank.de\"><span style=\"color: #000000;\"> levoBank &#8211; Vereinte Volksbanken Lebach Eppelborn eG<\/span><\/a><\/span><\/p>\n<p><span style=\"color: #000000;\">&#8211;\u00a0\u00a0\u00a0\u00a0\u00a0\u00a0\u00a0 Marien-Apotheke &#8211; Illingen<\/span><\/p>\n<p><span style=\"color: #000000;\">&#8211;\u00a0\u00a0\u00a0\u00a0\u00a0\u00a0\u00a0 <a href=\"http:\/\/www.zewe-gmbh.de\"><span style=\"color: #000000;\">Norbert Zewe GmbH &#8211; Uchtelfangen<\/span><\/a><\/span><\/p>\n<p><span style=\"color: #000000;\">&#8211;\u00a0\u00a0\u00a0\u00a0\u00a0\u00a0\u00a0 Pizzeria Don Camillo &#8211; Illingen<\/span><\/p>\n<p><span style=\"color: #000000;\">&#8211;\u00a0\u00a0\u00a0\u00a0\u00a0\u00a0\u00a0 <a href=\"http:\/\/www.werthmueller-gmbh.de\"><span style=\"color: #000000;\">R. Werthm\u00fcller GmbH &#8211; Saarbr\u00fccken<\/span><\/a><\/span><\/p>\n<p><span style=\"color: #000000;\">&#8211;\u00a0\u00a0\u00a0\u00a0\u00a0\u00a0\u00a0 <a href=\"http:\/\/www.schwanen-apotheke-illingen.de\"><span style=\"color: #000000;\">Schwanen-Apotheke &#8211; Illingen<\/span><\/a><\/span><\/p>\n<p><span style=\"color: #000000;\">&#8211;\u00a0\u00a0\u00a0\u00a0\u00a0\u00a0\u00a0 <a href=\"https:\/\/banking.sparkasse-neunkirchen.de\/portal\/portal\/StartenIPSTANDARD?IID=59252046&amp;AID=IPSTANDARD\"><span style=\"color: #000000;\">Sparkasse Neunkirchen<\/span><\/a><\/span><\/p>\n<p><span style=\"color: #000000;\">&#8211;\u00a0\u00a0\u00a0\u00a0\u00a0\u00a0\u00a0 <a href=\"http:\/\/www.zajonz-optik.de\"><span style=\"color: #000000;\">Zajonz Optik am Markt &#8211; Illingen<\/span><\/a>\u00a0<\/span><\/p>\n<p style=\"text-align: left;\">\n","protected":false},"excerpt":{"rendered":"<p>Musikverein Wustweiler pr\u00e4sentiert \u201evino e musica\u201c. Wer zwischen den Monaten August und November in eine Weinregion nach Italien reist, sollte ein Ereignis nicht verpassen: die Weinlese! W\u00e4hrend dieser Zeit feiert die Landbev\u00f6lkerung auf zahlreichen Festen ihre Freude \u00fcber eine gute &hellip; <a href=\"http:\/\/www.musikverein-wustweiler.de\/?p=583\">Weiterlesen <span class=\"meta-nav\">&rarr;<\/span><\/a><\/p>\n","protected":false},"author":1,"featured_media":0,"comment_status":"closed","ping_status":"closed","sticky":false,"template":"","format":"standard","meta":[],"categories":[5,10],"tags":[22,24,23,21,20],"_links":{"self":[{"href":"http:\/\/www.musikverein-wustweiler.de\/index.php?rest_route=\/wp\/v2\/posts\/583"}],"collection":[{"href":"http:\/\/www.musikverein-wustweiler.de\/index.php?rest_route=\/wp\/v2\/posts"}],"about":[{"href":"http:\/\/www.musikverein-wustweiler.de\/index.php?rest_route=\/wp\/v2\/types\/post"}],"author":[{"embeddable":true,"href":"http:\/\/www.musikverein-wustweiler.de\/index.php?rest_route=\/wp\/v2\/users\/1"}],"replies":[{"embeddable":true,"href":"http:\/\/www.musikverein-wustweiler.de\/index.php?rest_route=%2Fwp%2Fv2%2Fcomments&post=583"}],"version-history":[{"count":17,"href":"http:\/\/www.musikverein-wustweiler.de\/index.php?rest_route=\/wp\/v2\/posts\/583\/revisions"}],"predecessor-version":[{"id":2585,"href":"http:\/\/www.musikverein-wustweiler.de\/index.php?rest_route=\/wp\/v2\/posts\/583\/revisions\/2585"}],"wp:attachment":[{"href":"http:\/\/www.musikverein-wustweiler.de\/index.php?rest_route=%2Fwp%2Fv2%2Fmedia&parent=583"}],"wp:term":[{"taxonomy":"category","embeddable":true,"href":"http:\/\/www.musikverein-wustweiler.de\/index.php?rest_route=%2Fwp%2Fv2%2Fcategories&post=583"},{"taxonomy":"post_tag","embeddable":true,"href":"http:\/\/www.musikverein-wustweiler.de\/index.php?rest_route=%2Fwp%2Fv2%2Ftags&post=583"}],"curies":[{"name":"wp","href":"https:\/\/api.w.org\/{rel}","templated":true}]}}