{"id":380,"date":"2012-05-10T21:41:27","date_gmt":"2012-05-10T19:41:27","guid":{"rendered":"http:\/\/www.musikverein-wustweiler.de\/?p=380"},"modified":"2012-05-10T21:41:27","modified_gmt":"2012-05-10T19:41:27","slug":"drei-zwei-eins-meins","status":"publish","type":"post","link":"http:\/\/www.musikverein-wustweiler.de\/?p=380","title":{"rendered":"Drei, zwei, eins meins!"},"content":{"rendered":"<p><strong>Projektorchester \u201eIllWind\u201c startet Kartenvorverkauf zum Galakonzert.<\/strong><\/p>\n<p>Das Projektorchester \u201eIllWind\u201c wurde zum 90. Jubil\u00e4um des Musikvereins Wustweiler ins Leben gerufen. Es vereint die Musikvereine aus Wustweiler und H\u00fcttigweiler in einem gro\u00dfen Klangk\u00f6rper. Anl\u00e4sslich des 100-j\u00e4hrigen Bestehens des Musikverein H\u00fcttigweiler e. V. gestaltet das Projektorchester \u201eIllWind\u201c \u2013 am Samstag, 2. Juni, 20:00 Uhr, erneut ein Galakonzert in der Illtalhalle in H\u00fcttigweiler.<\/p>\n<p>Bereits seit Monaten probt das Orchester w\u00f6chentlich im Wechsel in H\u00fcttigweiler oder Wustweiler. Die Dirigenten Christoph Schorr und Pablo Larrea bereiten die Musikerinnen und Musiker bestm\u00f6glich auf das Konzert der besonderen Art vor. Auf dem Programm stehen neben s\u00fcdamerikanischen Sounds auch Hits von Gr\u00f6nemeyer und Co.<\/p>\n<p>Tickets f\u00fcr das Galakonzert k\u00f6nnen sich Musikfans ab sofort sichern.<\/p>\n<p>Diese sind erh\u00e4ltlich bei:<\/p>\n<p>Kulturamt der Gemeinde Illingen<\/p>\n<p>H\u00fcttigweiler: Totostelle Meiser; Moden Sch\u00e4fer<\/p>\n<p>Wustweiler: Gasthaus \u201eZum B\u00e4cker\u201c<\/p>\n<p>sowie bei den Mitgliedern der beiden Musikvereine.<\/p>\n","protected":false},"excerpt":{"rendered":"<p>Projektorchester \u201eIllWind\u201c startet Kartenvorverkauf zum Galakonzert. Das Projektorchester \u201eIllWind\u201c wurde zum 90. Jubil\u00e4um des Musikvereins Wustweiler ins Leben gerufen. Es vereint die Musikvereine aus Wustweiler und H\u00fcttigweiler in einem gro\u00dfen Klangk\u00f6rper. Anl\u00e4sslich des 100-j\u00e4hrigen Bestehens des Musikverein H\u00fcttigweiler e. V. &hellip; <a href=\"http:\/\/www.musikverein-wustweiler.de\/?p=380\">Weiterlesen <span class=\"meta-nav\">&rarr;<\/span><\/a><\/p>\n","protected":false},"author":1,"featured_media":0,"comment_status":"open","ping_status":"closed","sticky":false,"template":"","format":"standard","meta":[],"categories":[10],"tags":[],"_links":{"self":[{"href":"http:\/\/www.musikverein-wustweiler.de\/index.php?rest_route=\/wp\/v2\/posts\/380"}],"collection":[{"href":"http:\/\/www.musikverein-wustweiler.de\/index.php?rest_route=\/wp\/v2\/posts"}],"about":[{"href":"http:\/\/www.musikverein-wustweiler.de\/index.php?rest_route=\/wp\/v2\/types\/post"}],"author":[{"embeddable":true,"href":"http:\/\/www.musikverein-wustweiler.de\/index.php?rest_route=\/wp\/v2\/users\/1"}],"replies":[{"embeddable":true,"href":"http:\/\/www.musikverein-wustweiler.de\/index.php?rest_route=%2Fwp%2Fv2%2Fcomments&post=380"}],"version-history":[{"count":0,"href":"http:\/\/www.musikverein-wustweiler.de\/index.php?rest_route=\/wp\/v2\/posts\/380\/revisions"}],"wp:attachment":[{"href":"http:\/\/www.musikverein-wustweiler.de\/index.php?rest_route=%2Fwp%2Fv2%2Fmedia&parent=380"}],"wp:term":[{"taxonomy":"category","embeddable":true,"href":"http:\/\/www.musikverein-wustweiler.de\/index.php?rest_route=%2Fwp%2Fv2%2Fcategories&post=380"},{"taxonomy":"post_tag","embeddable":true,"href":"http:\/\/www.musikverein-wustweiler.de\/index.php?rest_route=%2Fwp%2Fv2%2Ftags&post=380"}],"curies":[{"name":"wp","href":"https:\/\/api.w.org\/{rel}","templated":true}]}}