{"id":371,"date":"2012-05-09T00:18:26","date_gmt":"2012-05-08T22:18:26","guid":{"rendered":"http:\/\/www.musikverein-wustweiler.de\/?p=371"},"modified":"2012-09-23T17:20:52","modified_gmt":"2012-09-23T17:20:52","slug":"proben-proben-proben","status":"publish","type":"post","link":"http:\/\/www.musikverein-wustweiler.de\/?p=371","title":{"rendered":"Proben, proben, proben!"},"content":{"rendered":"<p><strong>Projektorchester \u00bbIllWind\u00ab startet in die hei\u00dfe Probephase.<\/strong><\/p>\n<p><strong><\/strong>Das Projektorchester \u00bbIllWind\u00ab wurde zum 90. Jubil\u00e4um des Musikvereins Wustweiler ins Leben gerufen. Es vereint die Musikvereine aus Wustweiler und H\u00fcttigweiler zu einem gro\u00dfen Klangk\u00f6rper.\u00a0<strong>Am Samstag, 2. Juni 2012, um 20:00 Uhr\u00a0<\/strong>gibt das Orchester zu Ehren des 100. Geburtstages des Musikvereins H\u00fcttigweiler nun erneut ein Konzert in der\u00a0<strong>Illtalhalle H\u00fcttigweiler.<\/strong><br \/>\n<strong><\/strong>Die Musikerinnen und Musiker beider Vereine proben bereits seit Januar f\u00fcr dieses Projekt w\u00f6chentlich zusammen.<br \/>\n<strong><\/strong>F\u00fcr den Musikverein Wustweiler ersetzt dieses Projektkonzert in diesem Jahr das traditionelle Muttertagskonzert.<br \/>\n<strong><\/strong>Besonders intensiv wurde am letzten April-Wochenende geprobt.<br \/>\n<strong><\/strong>Freitags war die Orchesterprobe in Wustweiler, am Samstag und Sonntag wurde im Kultursaal in H\u00fcttigweiler geprobt. Um 9:00 Uhr wurde die Sitzordnung des Orchesters so formiert, dass sie sp\u00e4ter auf der B\u00fchne in der Illtalhalle bleiben kann &#8211; und es konnte sofort losgehen.<br \/>\n<strong><\/strong>Christoph Schorr, der Dirigent von Wustweiler, begann mit seinen ausgew\u00e4hlten St\u00fccken und verbesserte an entscheidenden Stellen die musikalische Gestaltung und das Zusammenspiel. Die Zeit verging sehr schnell und vor dem gemeinsamen Mittagessen \u00fcbernahm Pablo Larrea, der Dirigent von H\u00fcttigweiler, und arbeitete an seinen St\u00fccken.<br \/>\n<strong><\/strong>Nach dem gemeinsamen Mittagessen ging es weiter und die Spannung war gro\u00df, als um 14:00 Uhr Marcel Loeffler, der Akkordeon-Solist, eintraf. Marcel Loeffler wird als einer von vier Solisten das Projektorchester \u00bbIllWind\u00ab beim Galakonzert unterst\u00fctzen.\n\t\t<style type=\"text\/css\">\n\t\t\t#gallery-1 {\n\t\t\t\tmargin: auto;\n\t\t\t}\n\t\t\t#gallery-1 .gallery-item {\n\t\t\t\tfloat: left;\n\t\t\t\tmargin-top: 10px;\n\t\t\t\ttext-align: center;\n\t\t\t\twidth: 50%;\n\t\t\t}\n\t\t\t#gallery-1 img {\n\t\t\t\tborder: 2px solid #cfcfcf;\n\t\t\t}\n\t\t\t#gallery-1 .gallery-caption {\n\t\t\t\tmargin-left: 0;\n\t\t\t}\n\t\t\t\/* see gallery_shortcode() in wp-includes\/media.php *\/\n\t\t<\/style>\n\t\t<div id='gallery-1' class='gallery galleryid-371 gallery-columns-2 gallery-size-thumbnail'><dl class='gallery-item'>\n\t\t\t<dt class='gallery-icon landscape'>\n\t\t\t\t<a href='http:\/\/www.musikverein-wustweiler.de\/wp-content\/uploads\/2012\/05\/P1060307.jpg'><img width=\"150\" height=\"150\" src=\"http:\/\/www.musikverein-wustweiler.de\/wp-content\/uploads\/2012\/05\/P1060307-150x150.jpg\" class=\"attachment-thumbnail size-thumbnail\" alt=\"\" loading=\"lazy\" \/><\/a>\n\t\t\t<\/dt><\/dl><dl class='gallery-item'>\n\t\t\t<dt class='gallery-icon landscape'>\n\t\t\t\t<a href='http:\/\/www.musikverein-wustweiler.de\/wp-content\/uploads\/2012\/05\/P1060308.jpg'><img width=\"150\" height=\"150\" src=\"http:\/\/www.musikverein-wustweiler.de\/wp-content\/uploads\/2012\/05\/P1060308-150x150.jpg\" class=\"attachment-thumbnail size-thumbnail\" alt=\"\" loading=\"lazy\" \/><\/a>\n\t\t\t<\/dt><\/dl><br style=\"clear: both\" \/>\n\t\t<\/div>\n<\/p>\n<p><strong><\/strong>Nach einer kurzen Begr\u00fc\u00dfung und Vorstellung, packte er gleich sein Akkordeon aus und nahm bescheiden im Orchester Platz. Dass hier ein weltbekannter Akkordeonist sa\u00df, der auf Festivals in den USA und Europa auftritt, in verschiedenen Formationen spielt und eigene CDs produziert, merkten die Musiker schnell bei seinen solistischen Einlagen. In atemberaubend schnellen L\u00e4ufen glitten seine Finger \u00fcber die Tasten und er improvisierte an seinen Solostellen. Es war faszinierend ihm zuzuh\u00f6ren, und das Zusammenspiel von Orchester und Solist in den St\u00fccken von Astor Piazzola geriet immer besser, es machte nur Spa\u00df. Und schnell war es 16:00 Uhr, f\u00fcr Samstag war Schluss.<br \/>\n<strong><\/strong>Auch am Sonntagmorgen \u00fcbte Marcel Loeffler noch mit dem Orchester, bis er wieder mit seiner Frau nach Stra\u00dfburg zur\u00fcckkehrte.<br \/>\n<strong><\/strong>Intensiv wird jetzt weiter am Programm in den Proben gefeilt, jeder kennt seine Anforderungen in den einzelnen St\u00fccken und kann schwierige Passagen \u00fcben. Die Spannung steigt weiter bis zum\u00a0<strong>Galakonzert am 2. Juni.<\/strong><br \/>\n<strong><\/strong><strong>Tickets f\u00fcr das Galakonzert sind bei beiden Vereinen sowie beim Kulturamt der Gemeinde Illingen erh\u00e4ltlich.<\/strong><\/p>\n","protected":false},"excerpt":{"rendered":"<p>Projektorchester \u00bbIllWind\u00ab startet in die hei\u00dfe Probephase. Das Projektorchester \u00bbIllWind\u00ab wurde zum 90. Jubil\u00e4um des Musikvereins Wustweiler ins Leben gerufen. Es vereint die Musikvereine aus Wustweiler und H\u00fcttigweiler zu einem gro\u00dfen Klangk\u00f6rper.\u00a0Am Samstag, 2. Juni 2012, um 20:00 Uhr\u00a0gibt das &hellip; <a href=\"http:\/\/www.musikverein-wustweiler.de\/?p=371\">Weiterlesen <span class=\"meta-nav\">&rarr;<\/span><\/a><\/p>\n","protected":false},"author":1,"featured_media":0,"comment_status":"open","ping_status":"closed","sticky":false,"template":"","format":"standard","meta":[],"categories":[10],"tags":[],"_links":{"self":[{"href":"http:\/\/www.musikverein-wustweiler.de\/index.php?rest_route=\/wp\/v2\/posts\/371"}],"collection":[{"href":"http:\/\/www.musikverein-wustweiler.de\/index.php?rest_route=\/wp\/v2\/posts"}],"about":[{"href":"http:\/\/www.musikverein-wustweiler.de\/index.php?rest_route=\/wp\/v2\/types\/post"}],"author":[{"embeddable":true,"href":"http:\/\/www.musikverein-wustweiler.de\/index.php?rest_route=\/wp\/v2\/users\/1"}],"replies":[{"embeddable":true,"href":"http:\/\/www.musikverein-wustweiler.de\/index.php?rest_route=%2Fwp%2Fv2%2Fcomments&post=371"}],"version-history":[{"count":2,"href":"http:\/\/www.musikverein-wustweiler.de\/index.php?rest_route=\/wp\/v2\/posts\/371\/revisions"}],"predecessor-version":[{"id":427,"href":"http:\/\/www.musikverein-wustweiler.de\/index.php?rest_route=\/wp\/v2\/posts\/371\/revisions\/427"}],"wp:attachment":[{"href":"http:\/\/www.musikverein-wustweiler.de\/index.php?rest_route=%2Fwp%2Fv2%2Fmedia&parent=371"}],"wp:term":[{"taxonomy":"category","embeddable":true,"href":"http:\/\/www.musikverein-wustweiler.de\/index.php?rest_route=%2Fwp%2Fv2%2Fcategories&post=371"},{"taxonomy":"post_tag","embeddable":true,"href":"http:\/\/www.musikverein-wustweiler.de\/index.php?rest_route=%2Fwp%2Fv2%2Ftags&post=371"}],"curies":[{"name":"wp","href":"https:\/\/api.w.org\/{rel}","templated":true}]}}