{"id":2736,"date":"2025-12-09T22:55:46","date_gmt":"2025-12-09T22:55:46","guid":{"rendered":"https:\/\/www.musikverein-wustweiler.de\/?p=2736"},"modified":"2025-12-23T09:53:46","modified_gmt":"2025-12-23T09:53:46","slug":"weihnachtsblasen-2025","status":"publish","type":"post","link":"http:\/\/www.musikverein-wustweiler.de\/?p=2736","title":{"rendered":"Weihnachtsblasen 2025"},"content":{"rendered":"\n<p>Am 24. Dezember ab 13:00 Uhr machen sich unsere Musikerinnen und Musiker auf ihre musikalische Reise durch Wustweiler. An f\u00fcnf Stationen laden wir alle B\u00fcrgerinnen und B\u00fcrger sowie G\u00e4ste aus Nah und Fern herzlich ein, kurz innezuhalten, der Musik zu lauschen und sich bei einem warmen Getr\u00e4nk oder etwas Geb\u00e4ck auf die Feiertage einzustimmen.<\/p>\n\n\n\n<figure class=\"wp-block-image size-large\"><a href=\"https:\/\/www.musikverein-wustweiler.de\/wp-content\/uploads\/2025\/12\/3EB03924-A2F3-4293-9BC0-325D4904C3F5.jpg\"><img loading=\"lazy\" width=\"1024\" height=\"1024\" src=\"https:\/\/www.musikverein-wustweiler.de\/wp-content\/uploads\/2025\/12\/3EB03924-A2F3-4293-9BC0-325D4904C3F5-1024x1024.jpg\" alt=\"\" class=\"wp-image-2737\" srcset=\"http:\/\/www.musikverein-wustweiler.de\/wp-content\/uploads\/2025\/12\/3EB03924-A2F3-4293-9BC0-325D4904C3F5-1024x1024.jpg 1024w, http:\/\/www.musikverein-wustweiler.de\/wp-content\/uploads\/2025\/12\/3EB03924-A2F3-4293-9BC0-325D4904C3F5-300x300.jpg 300w, http:\/\/www.musikverein-wustweiler.de\/wp-content\/uploads\/2025\/12\/3EB03924-A2F3-4293-9BC0-325D4904C3F5-150x150.jpg 150w, http:\/\/www.musikverein-wustweiler.de\/wp-content\/uploads\/2025\/12\/3EB03924-A2F3-4293-9BC0-325D4904C3F5-768x768.jpg 768w, http:\/\/www.musikverein-wustweiler.de\/wp-content\/uploads\/2025\/12\/3EB03924-A2F3-4293-9BC0-325D4904C3F5-1536x1536.jpg 1536w, http:\/\/www.musikverein-wustweiler.de\/wp-content\/uploads\/2025\/12\/3EB03924-A2F3-4293-9BC0-325D4904C3F5.jpg 2048w\" sizes=\"(max-width: 1024px) 100vw, 1024px\" \/><\/a><\/figure>\n\n\n\n<p>Wir hoffen auf wohlgesonnenes Wetter und viele sch\u00f6ne Begegnungen am Stra\u00dfenrand.<\/p>\n\n\n\n<figure class=\"wp-block-image size-large\"><a href=\"https:\/\/www.musikverein-wustweiler.de\/wp-content\/uploads\/2025\/12\/Weihnachtsblasen-2025-in-Wustweiler.png\"><img loading=\"lazy\" width=\"683\" height=\"1024\" src=\"https:\/\/www.musikverein-wustweiler.de\/wp-content\/uploads\/2025\/12\/Weihnachtsblasen-2025-in-Wustweiler-683x1024.png\" alt=\"\" class=\"wp-image-2742\" srcset=\"http:\/\/www.musikverein-wustweiler.de\/wp-content\/uploads\/2025\/12\/Weihnachtsblasen-2025-in-Wustweiler-683x1024.png 683w, http:\/\/www.musikverein-wustweiler.de\/wp-content\/uploads\/2025\/12\/Weihnachtsblasen-2025-in-Wustweiler-200x300.png 200w, http:\/\/www.musikverein-wustweiler.de\/wp-content\/uploads\/2025\/12\/Weihnachtsblasen-2025-in-Wustweiler-768x1152.png 768w, http:\/\/www.musikverein-wustweiler.de\/wp-content\/uploads\/2025\/12\/Weihnachtsblasen-2025-in-Wustweiler.png 1024w\" sizes=\"(max-width: 683px) 100vw, 683px\" \/><\/a><\/figure>\n\n\n\n<figure class=\"wp-block-image size-large\"><a href=\"https:\/\/www.musikverein-wustweiler.de\/wp-content\/uploads\/2025\/12\/1756BE56-6120-4409-906B-57052343F540.jpg\"><img loading=\"lazy\" width=\"1024\" height=\"1024\" src=\"https:\/\/www.musikverein-wustweiler.de\/wp-content\/uploads\/2025\/12\/1756BE56-6120-4409-906B-57052343F540-1024x1024.jpg\" alt=\"\" class=\"wp-image-2738\" srcset=\"http:\/\/www.musikverein-wustweiler.de\/wp-content\/uploads\/2025\/12\/1756BE56-6120-4409-906B-57052343F540-1024x1024.jpg 1024w, http:\/\/www.musikverein-wustweiler.de\/wp-content\/uploads\/2025\/12\/1756BE56-6120-4409-906B-57052343F540-300x300.jpg 300w, http:\/\/www.musikverein-wustweiler.de\/wp-content\/uploads\/2025\/12\/1756BE56-6120-4409-906B-57052343F540-150x150.jpg 150w, http:\/\/www.musikverein-wustweiler.de\/wp-content\/uploads\/2025\/12\/1756BE56-6120-4409-906B-57052343F540-768x768.jpg 768w, http:\/\/www.musikverein-wustweiler.de\/wp-content\/uploads\/2025\/12\/1756BE56-6120-4409-906B-57052343F540-1536x1536.jpg 1536w, http:\/\/www.musikverein-wustweiler.de\/wp-content\/uploads\/2025\/12\/1756BE56-6120-4409-906B-57052343F540.jpg 2048w\" sizes=\"(max-width: 1024px) 100vw, 1024px\" \/><\/a><\/figure>\n\n\n\n<p>Zum Jahresende m\u00f6chten wir uns ganz herzlich bei der gesamten Bev\u00f6lkerung, unseren Unterst\u00fctzerinnen und Unterst\u00fctzern sowie allen aktiven Musikerinnen und Musikern f\u00fcr das gemeinsame Wirken im Jahr 2025&nbsp;bedanken.<\/p>\n\n\n\n<p>Wir w\u00fcnschen Ihnen eine friedvolle, besinnliche Weihnachtszeit und einen guten Start ins neue Jahr!<\/p>\n","protected":false},"excerpt":{"rendered":"<p>Am 24. Dezember ab 13:00 Uhr machen sich unsere Musikerinnen und Musiker auf ihre musikalische Reise durch Wustweiler. An f\u00fcnf Stationen laden wir alle B\u00fcrgerinnen und B\u00fcrger sowie G\u00e4ste aus Nah und Fern herzlich ein, kurz innezuhalten, der Musik zu &hellip; <a href=\"http:\/\/www.musikverein-wustweiler.de\/?p=2736\">Weiterlesen <span class=\"meta-nav\">&rarr;<\/span><\/a><\/p>\n","protected":false},"author":1,"featured_media":0,"comment_status":"closed","ping_status":"closed","sticky":false,"template":"","format":"standard","meta":[],"categories":[10],"tags":[],"_links":{"self":[{"href":"http:\/\/www.musikverein-wustweiler.de\/index.php?rest_route=\/wp\/v2\/posts\/2736"}],"collection":[{"href":"http:\/\/www.musikverein-wustweiler.de\/index.php?rest_route=\/wp\/v2\/posts"}],"about":[{"href":"http:\/\/www.musikverein-wustweiler.de\/index.php?rest_route=\/wp\/v2\/types\/post"}],"author":[{"embeddable":true,"href":"http:\/\/www.musikverein-wustweiler.de\/index.php?rest_route=\/wp\/v2\/users\/1"}],"replies":[{"embeddable":true,"href":"http:\/\/www.musikverein-wustweiler.de\/index.php?rest_route=%2Fwp%2Fv2%2Fcomments&post=2736"}],"version-history":[{"count":3,"href":"http:\/\/www.musikverein-wustweiler.de\/index.php?rest_route=\/wp\/v2\/posts\/2736\/revisions"}],"predecessor-version":[{"id":2744,"href":"http:\/\/www.musikverein-wustweiler.de\/index.php?rest_route=\/wp\/v2\/posts\/2736\/revisions\/2744"}],"wp:attachment":[{"href":"http:\/\/www.musikverein-wustweiler.de\/index.php?rest_route=%2Fwp%2Fv2%2Fmedia&parent=2736"}],"wp:term":[{"taxonomy":"category","embeddable":true,"href":"http:\/\/www.musikverein-wustweiler.de\/index.php?rest_route=%2Fwp%2Fv2%2Fcategories&post=2736"},{"taxonomy":"post_tag","embeddable":true,"href":"http:\/\/www.musikverein-wustweiler.de\/index.php?rest_route=%2Fwp%2Fv2%2Ftags&post=2736"}],"curies":[{"name":"wp","href":"https:\/\/api.w.org\/{rel}","templated":true}]}}