{"id":2727,"date":"2025-06-04T22:54:59","date_gmt":"2025-06-04T22:54:59","guid":{"rendered":"https:\/\/www.musikverein-wustweiler.de\/?p=2727"},"modified":"2025-06-04T22:54:59","modified_gmt":"2025-06-04T22:54:59","slug":"neue-blockfloetenkurse-starten-einladung-zur-infoveranstaltung","status":"publish","type":"post","link":"http:\/\/www.musikverein-wustweiler.de\/?p=2727","title":{"rendered":"Neue Blockfl\u00f6tenkurse starten &#8211; Einladung zur Infoveranstaltung!"},"content":{"rendered":"\n<p>Bald starten wieder neue Blockfl\u00f6tenkurse f\u00fcr Kinder ab f\u00fcnf Jahren beim Musikverein Wustweiler. In Kleingruppen werden dabei spielerisch die Grundkenntnisse der Notenlehre und das Musizieren mit der Blockfl\u00f6te erlernt.<\/p>\n\n\n\n<p>Der Unterricht findet&nbsp;<strong>einmal w\u00f6chentlich montags von 16:00 Uhr bis 16:45 Uhr&nbsp;<\/strong>in unserem Proberaum statt.<\/p>\n\n\n\n<p>Wir laden Sie deshalb herzlich ein zu unserem:<\/p>\n\n\n\n<p><strong>Konzert der Sch\u00fclerinnen und Sch\u00fcler des Musikvereins&nbsp;<\/strong><\/p>\n\n\n\n<p><strong>mit anschlie\u00dfender Informationsveranstaltung&nbsp;<\/strong><\/p>\n\n\n\n<p><strong>am 01.07.2025 um 16:00 Uhr&nbsp;<\/strong><\/p>\n\n\n\n<p>im Haus der Vereine in Wustweiler<\/p>\n\n\n\n<p>(Pastor-Schulz-Stra\u00dfe)<\/p>\n\n\n\n<p>Schauen Sie gerne mit Ihrem Kind bei uns vorbei!<\/p>\n\n\n\n<p>Zur besseren Planung bitten wir um eine&nbsp;<strong>vorherige Anmeldung<\/strong>.<\/p>\n\n\n\n<p>Bei weiteren Fragen stehen wir Ihnen selbstverst\u00e4ndlich gerne auch vorab zur Verf\u00fcgung!<\/p>\n\n\n\n<p>Ansprechpartner:<\/p>\n\n\n\n<p>Fabienne D\u00f6rr<\/p>\n\n\n\n<p>Tel.-Nr. 0151 726 598 84<\/p>\n\n\n\n<p>E-Mail: doerrfabienne@web.de<\/p>\n\n\n\n<figure class=\"wp-block-image size-large\"><a href=\"https:\/\/www.musikverein-wustweiler.de\/wp-content\/uploads\/2025\/06\/PHOTO-2025-06-04-22-48-43.jpg\"><img loading=\"lazy\" width=\"683\" height=\"1024\" src=\"https:\/\/www.musikverein-wustweiler.de\/wp-content\/uploads\/2025\/06\/PHOTO-2025-06-04-22-48-43-683x1024.jpg\" alt=\"\" class=\"wp-image-2728\" srcset=\"http:\/\/www.musikverein-wustweiler.de\/wp-content\/uploads\/2025\/06\/PHOTO-2025-06-04-22-48-43-683x1024.jpg 683w, http:\/\/www.musikverein-wustweiler.de\/wp-content\/uploads\/2025\/06\/PHOTO-2025-06-04-22-48-43-200x300.jpg 200w, http:\/\/www.musikverein-wustweiler.de\/wp-content\/uploads\/2025\/06\/PHOTO-2025-06-04-22-48-43-768x1152.jpg 768w, http:\/\/www.musikverein-wustweiler.de\/wp-content\/uploads\/2025\/06\/PHOTO-2025-06-04-22-48-43.jpg 1024w\" sizes=\"(max-width: 683px) 100vw, 683px\" \/><\/a><\/figure>\n\n\n\n<figure class=\"wp-block-image\"><img src=\"https:\/\/cmsweb.wittich.de\/ckfinder\/core\/connector\/php\/connector.php?command=Thumbnail&amp;type=Bilder&amp;currentFolder=\/&amp;FileName=photo-2025-06-04-22-48-43.jpg\" alt=\"\" title=\"\"\/><\/figure>\n","protected":false},"excerpt":{"rendered":"<p>Bald starten wieder neue Blockfl\u00f6tenkurse f\u00fcr Kinder ab f\u00fcnf Jahren beim Musikverein Wustweiler. In Kleingruppen werden dabei spielerisch die Grundkenntnisse der Notenlehre und das Musizieren mit der Blockfl\u00f6te erlernt. Der Unterricht findet&nbsp;einmal w\u00f6chentlich montags von 16:00 Uhr bis 16:45 Uhr&nbsp;in &hellip; <a href=\"http:\/\/www.musikverein-wustweiler.de\/?p=2727\">Weiterlesen <span class=\"meta-nav\">&rarr;<\/span><\/a><\/p>\n","protected":false},"author":1,"featured_media":0,"comment_status":"closed","ping_status":"closed","sticky":false,"template":"","format":"standard","meta":[],"categories":[10],"tags":[],"_links":{"self":[{"href":"http:\/\/www.musikverein-wustweiler.de\/index.php?rest_route=\/wp\/v2\/posts\/2727"}],"collection":[{"href":"http:\/\/www.musikverein-wustweiler.de\/index.php?rest_route=\/wp\/v2\/posts"}],"about":[{"href":"http:\/\/www.musikverein-wustweiler.de\/index.php?rest_route=\/wp\/v2\/types\/post"}],"author":[{"embeddable":true,"href":"http:\/\/www.musikverein-wustweiler.de\/index.php?rest_route=\/wp\/v2\/users\/1"}],"replies":[{"embeddable":true,"href":"http:\/\/www.musikverein-wustweiler.de\/index.php?rest_route=%2Fwp%2Fv2%2Fcomments&post=2727"}],"version-history":[{"count":1,"href":"http:\/\/www.musikverein-wustweiler.de\/index.php?rest_route=\/wp\/v2\/posts\/2727\/revisions"}],"predecessor-version":[{"id":2729,"href":"http:\/\/www.musikverein-wustweiler.de\/index.php?rest_route=\/wp\/v2\/posts\/2727\/revisions\/2729"}],"wp:attachment":[{"href":"http:\/\/www.musikverein-wustweiler.de\/index.php?rest_route=%2Fwp%2Fv2%2Fmedia&parent=2727"}],"wp:term":[{"taxonomy":"category","embeddable":true,"href":"http:\/\/www.musikverein-wustweiler.de\/index.php?rest_route=%2Fwp%2Fv2%2Fcategories&post=2727"},{"taxonomy":"post_tag","embeddable":true,"href":"http:\/\/www.musikverein-wustweiler.de\/index.php?rest_route=%2Fwp%2Fv2%2Ftags&post=2727"}],"curies":[{"name":"wp","href":"https:\/\/api.w.org\/{rel}","templated":true}]}}