{"id":27,"date":"2009-09-16T10:00:00","date_gmt":"2009-09-16T08:00:00","guid":{"rendered":"http:\/\/neu.musikverein-wustweiler.de\/?p=27"},"modified":"2009-09-16T10:00:00","modified_gmt":"2009-09-16T08:00:00","slug":"ozapft-is-gute-stimmung-beim-oktoberfest","status":"publish","type":"post","link":"http:\/\/www.musikverein-wustweiler.de\/?p=27","title":{"rendered":"O\u2019zapft is \u2013 Gute Stimmung beim Oktoberfest"},"content":{"rendered":"<p style=\"text-align: justify;\">Bierzelt, z\u00fcnftige Musik und fesche Madln im Dirndl \u2013 Das Oktoberfest des Musikvereins lockte mit typisch bayrischer Atmosph\u00e4re. Bereits morgens zum Fr\u00fchschoppen war die Stimmung unter den Besuchern gro\u00dfartig. Unter dem Klang der Gruppe Saaravanka, die sich auf b\u00f6hmisch-m\u00e4rische Blasmusik spezialisiert hat begann das Fest. Zur Mittagszeit lockte die K\u00fcche mit deftigen Gerichten wie den original Haxn, dem Spie\u00dfbraten und nat\u00fcrlich den Wei\u00dfw\u00fcrsten mit einer guten Brezel. Der Nachmittag wurde von der Bergkapelle der DSK eingeleitet und von unseren Freunden des Musikvereins Merchweiler abgerundet. Moderator Eugen Eckert lockte die starken M\u00e4nner und auch die h\u00fcbschen Madln zu Spielen wie dem Bierkrugst\u00e4mmen oder Nagelklopfen. In drei Runden fanden die Teilnehmer aus dem Publikum den St\u00e4rksten, also den, der einen schweren Ma\u00dfkrug am l\u00e4ngsten halten konnte. \u00dcber f\u00fcnf Minuten war der Rekord. Doch dem wussten auch die weiblichen Mitstreiter entgegenzusetzen. Von den vier teilnehmenden Musikerinnen unseres Vereins legten Iris H\u00f6chst und Carolin Theres mit \u00fcber sechs Minuten die Latte \u00e4u\u00dferst hoch. Auch im direkten Vergleich gegen die M\u00e4nner wurde der Sieg der Frauen perfekt. An dieser Stelle sei unseren Damen ein gro\u00dfes Lob ausgesprochen: Allesamt erschienen in feschen original bayrischen Dirndln. <!--more-->Aber auch unsere Herren lie\u00dfen sich in Lederhosen und Filzh\u00fcten sehen. Den musikalischen Abschluss des Tages fertigten die Bubacher Dorfdudler. Zu deren Kl\u00e4ngen feierten und tanzten die Besucher und genossen die zum Bierzelt umgeformte Seelbachhalle.<br \/>\nWir danken allen, die uns an diesem Festtag die Ehre gaben und auch allen, die zum Gelingen dieser Veranstaltung beigetragen haben! Dieses Oktoberfest war ein voller Erfolg und ein weiterer Bestandteil im Festjahr: Neunzig Jahre Musikverein Wustweiler.<\/p>\n","protected":false},"excerpt":{"rendered":"<p>Bierzelt, z\u00fcnftige Musik und fesche Madln im Dirndl \u2013 Das Oktoberfest des Musikvereins lockte mit typisch bayrischer Atmosph\u00e4re. Bereits morgens zum Fr\u00fchschoppen war die Stimmung unter den Besuchern gro\u00dfartig. Unter dem Klang der Gruppe Saaravanka, die sich auf b\u00f6hmisch-m\u00e4rische Blasmusik &hellip; <a href=\"http:\/\/www.musikverein-wustweiler.de\/?p=27\">Weiterlesen <span class=\"meta-nav\">&rarr;<\/span><\/a><\/p>\n","protected":false},"author":1,"featured_media":0,"comment_status":"open","ping_status":"closed","sticky":false,"template":"","format":"standard","meta":[],"categories":[3,8],"tags":[],"_links":{"self":[{"href":"http:\/\/www.musikverein-wustweiler.de\/index.php?rest_route=\/wp\/v2\/posts\/27"}],"collection":[{"href":"http:\/\/www.musikverein-wustweiler.de\/index.php?rest_route=\/wp\/v2\/posts"}],"about":[{"href":"http:\/\/www.musikverein-wustweiler.de\/index.php?rest_route=\/wp\/v2\/types\/post"}],"author":[{"embeddable":true,"href":"http:\/\/www.musikverein-wustweiler.de\/index.php?rest_route=\/wp\/v2\/users\/1"}],"replies":[{"embeddable":true,"href":"http:\/\/www.musikverein-wustweiler.de\/index.php?rest_route=%2Fwp%2Fv2%2Fcomments&post=27"}],"version-history":[{"count":0,"href":"http:\/\/www.musikverein-wustweiler.de\/index.php?rest_route=\/wp\/v2\/posts\/27\/revisions"}],"wp:attachment":[{"href":"http:\/\/www.musikverein-wustweiler.de\/index.php?rest_route=%2Fwp%2Fv2%2Fmedia&parent=27"}],"wp:term":[{"taxonomy":"category","embeddable":true,"href":"http:\/\/www.musikverein-wustweiler.de\/index.php?rest_route=%2Fwp%2Fv2%2Fcategories&post=27"},{"taxonomy":"post_tag","embeddable":true,"href":"http:\/\/www.musikverein-wustweiler.de\/index.php?rest_route=%2Fwp%2Fv2%2Ftags&post=27"}],"curies":[{"name":"wp","href":"https:\/\/api.w.org\/{rel}","templated":true}]}}