{"id":2655,"date":"2024-07-07T19:36:43","date_gmt":"2024-07-07T19:36:43","guid":{"rendered":"http:\/\/www.musikverein-wustweiler.de\/?p=2655"},"modified":"2024-07-07T19:56:27","modified_gmt":"2024-07-07T19:56:27","slug":"neues-vorstandsteam-beim-musikverein-wustweiler","status":"publish","type":"post","link":"http:\/\/www.musikverein-wustweiler.de\/?p=2655","title":{"rendered":"Neues Vorstandsteam beim Musikverein Wustweiler\u00a0"},"content":{"rendered":"\n<p>Vergangene Woche fand die Mitgliederversammlung des Musikvereins Wustweiler statt.<\/p>\n\n\n\n<p>Dabei wurde ein sehr positives Fazit f\u00fcr das Gesch\u00e4ftsjahr 2023 gezogen. Zahlreiche Auftritte wurden von der Dorfband in der Gemeinde Illingen und in den umliegenden Ortschaften gespielt. Durch die Wustweiler Musiker wurden auch im Ort Auftritte wie z.B. Sankt Martin gespielt. Das Weihnachtsblasen musste 2023 leider wetterbedingt abgesagt werden. In diesem Jahr wollen wir das traditionelle Musizieren aber wieder durchf\u00fchren \u2013 wenn der Wettergott mitspielt. Neben der musikalischen Pr\u00e4senz hat sich der Verein auch am Wustweiler Dorffest mit einem eigenen Stand und Gemeinschaftsstunden beteiligt. Auch ein internes \u201eMusiker-Familien-Grillen\u201c wurde durchgef\u00fchrt. Beide Aktivit\u00e4ten waren sehr erfolgreich. Im Rahmen des Ferienprogramm der Gemeinde Illingen konnten wir 2023 gleich mehrere Aktionen f\u00fcr Kinder anbieten. Nach den Sommerferien startete eine neue Blockfl\u00f6tengruppe und eine Gruppe der musikalischen Fr\u00fcherziehung wurde erstmal ins Leben gerufen. Unser Vorstandsteam dankte in der Versammlung allen Mitgliedern, die zu diesen gro\u00dfartigen Ergebnissen beigetragen haben.<\/p>\n\n\n\n<p>In der Mitgliederversammlung wurde auch unser neues Vorstandsteam gew\u00e4hlt. Zuvor wurde Daniela Kleer f\u00fcr ihre langj\u00e4hrige T\u00e4tigkeit im Vorstand des Musikverein Wustweiler sowie weiteren Personen und den musikalischen Leitern der Dorfband gedankt. Das Vorstandsteam konnte seit langer Zeit wieder erweitert werden. Ihm geh\u00f6ren nun an:<\/p>\n\n\n\n<p>Gesch\u00e4ftsf\u00fchrender Vorstand: Julia Senzig, Andr\u00e9 Sieger, Bruno Klein, Kevin D\u00f6rr<\/p>\n\n\n\n<p>Beisitzer &amp;&nbsp;Hilfsorgane: Christian Eckert, Patrick Kuhn, Matthias Meiser, Christian Bodem<\/p>\n\n\n\n<p>Leiterin f\u00fcr Kinder &amp; Jugend: Fabienne D\u00f6rr<\/p>\n\n\n\n<p>Musikalische Leiter: Fabian Scheid &amp; Thorsten Koch<\/p>\n\n\n\n<p>Kassenpr\u00fcfer: Eugen Eckert &amp; Rainer Hahn<\/p>\n\n\n\n<p>Mit jeder Menge neuer Ideen und Motivation geht unser neues junges Vorstandsteam nun die kommenden Jahre beim Musikverein Wustweiler an.<\/p>\n\n\n\n<figure class=\"wp-block-image size-large\"><a href=\"http:\/\/www.musikverein-wustweiler.de\/wp-content\/uploads\/2024\/07\/IMG_3977-scaled.jpeg\"><img loading=\"lazy\" width=\"1024\" height=\"768\" src=\"http:\/\/www.musikverein-wustweiler.de\/wp-content\/uploads\/2024\/07\/IMG_3977-1024x768.jpeg\" alt=\"\" class=\"wp-image-2656\" srcset=\"http:\/\/www.musikverein-wustweiler.de\/wp-content\/uploads\/2024\/07\/IMG_3977-1024x768.jpeg 1024w, http:\/\/www.musikverein-wustweiler.de\/wp-content\/uploads\/2024\/07\/IMG_3977-300x225.jpeg 300w, http:\/\/www.musikverein-wustweiler.de\/wp-content\/uploads\/2024\/07\/IMG_3977-768x576.jpeg 768w, http:\/\/www.musikverein-wustweiler.de\/wp-content\/uploads\/2024\/07\/IMG_3977-1536x1152.jpeg 1536w, http:\/\/www.musikverein-wustweiler.de\/wp-content\/uploads\/2024\/07\/IMG_3977-2048x1536.jpeg 2048w, http:\/\/www.musikverein-wustweiler.de\/wp-content\/uploads\/2024\/07\/IMG_3977-400x300.jpeg 400w\" sizes=\"(max-width: 1024px) 100vw, 1024px\" \/><\/a><\/figure>\n\n\n\n<p>Unsere Kassenpr\u00fcfer: Eugen &amp; Rainer<\/p>\n\n\n\n<figure class=\"wp-block-image size-medium is-style-rounded\"><a href=\"http:\/\/www.musikverein-wustweiler.de\/wp-content\/uploads\/2024\/07\/IMG_3976-scaled.jpeg\"><img loading=\"lazy\" width=\"300\" height=\"196\" src=\"http:\/\/www.musikverein-wustweiler.de\/wp-content\/uploads\/2024\/07\/IMG_3976-300x196.jpeg\" alt=\"\" class=\"wp-image-2670\" srcset=\"http:\/\/www.musikverein-wustweiler.de\/wp-content\/uploads\/2024\/07\/IMG_3976-300x196.jpeg 300w, http:\/\/www.musikverein-wustweiler.de\/wp-content\/uploads\/2024\/07\/IMG_3976-1024x668.jpeg 1024w, http:\/\/www.musikverein-wustweiler.de\/wp-content\/uploads\/2024\/07\/IMG_3976-768x501.jpeg 768w, http:\/\/www.musikverein-wustweiler.de\/wp-content\/uploads\/2024\/07\/IMG_3976-1536x1002.jpeg 1536w, http:\/\/www.musikverein-wustweiler.de\/wp-content\/uploads\/2024\/07\/IMG_3976-2048x1336.jpeg 2048w, http:\/\/www.musikverein-wustweiler.de\/wp-content\/uploads\/2024\/07\/IMG_3976-460x300.jpeg 460w\" sizes=\"(max-width: 300px) 100vw, 300px\" \/><\/a><\/figure>\n","protected":false},"excerpt":{"rendered":"<p>Vergangene Woche fand die Mitgliederversammlung des Musikvereins Wustweiler statt. Dabei wurde ein sehr positives Fazit f\u00fcr das Gesch\u00e4ftsjahr 2023 gezogen. Zahlreiche Auftritte wurden von der Dorfband in der Gemeinde Illingen und in den umliegenden Ortschaften gespielt. Durch die Wustweiler Musiker &hellip; <a href=\"http:\/\/www.musikverein-wustweiler.de\/?p=2655\">Weiterlesen <span class=\"meta-nav\">&rarr;<\/span><\/a><\/p>\n","protected":false},"author":1,"featured_media":0,"comment_status":"closed","ping_status":"closed","sticky":false,"template":"","format":"standard","meta":[],"categories":[10],"tags":[],"_links":{"self":[{"href":"http:\/\/www.musikverein-wustweiler.de\/index.php?rest_route=\/wp\/v2\/posts\/2655"}],"collection":[{"href":"http:\/\/www.musikverein-wustweiler.de\/index.php?rest_route=\/wp\/v2\/posts"}],"about":[{"href":"http:\/\/www.musikverein-wustweiler.de\/index.php?rest_route=\/wp\/v2\/types\/post"}],"author":[{"embeddable":true,"href":"http:\/\/www.musikverein-wustweiler.de\/index.php?rest_route=\/wp\/v2\/users\/1"}],"replies":[{"embeddable":true,"href":"http:\/\/www.musikverein-wustweiler.de\/index.php?rest_route=%2Fwp%2Fv2%2Fcomments&post=2655"}],"version-history":[{"count":4,"href":"http:\/\/www.musikverein-wustweiler.de\/index.php?rest_route=\/wp\/v2\/posts\/2655\/revisions"}],"predecessor-version":[{"id":2673,"href":"http:\/\/www.musikverein-wustweiler.de\/index.php?rest_route=\/wp\/v2\/posts\/2655\/revisions\/2673"}],"wp:attachment":[{"href":"http:\/\/www.musikverein-wustweiler.de\/index.php?rest_route=%2Fwp%2Fv2%2Fmedia&parent=2655"}],"wp:term":[{"taxonomy":"category","embeddable":true,"href":"http:\/\/www.musikverein-wustweiler.de\/index.php?rest_route=%2Fwp%2Fv2%2Fcategories&post=2655"},{"taxonomy":"post_tag","embeddable":true,"href":"http:\/\/www.musikverein-wustweiler.de\/index.php?rest_route=%2Fwp%2Fv2%2Ftags&post=2655"}],"curies":[{"name":"wp","href":"https:\/\/api.w.org\/{rel}","templated":true}]}}