{"id":2634,"date":"2024-06-20T20:23:33","date_gmt":"2024-06-20T20:23:33","guid":{"rendered":"http:\/\/www.musikverein-wustweiler.de\/?p=2634"},"modified":"2024-06-20T20:25:33","modified_gmt":"2024-06-20T20:25:33","slug":"einladung-zur-mitgliederversammlung-2024","status":"publish","type":"post","link":"http:\/\/www.musikverein-wustweiler.de\/?p=2634","title":{"rendered":"Einladung zur Mitgliederversammlung"},"content":{"rendered":"\n<p>Liebe Vereinsmitglieder,<\/p>\n\n\n\n<p>nachdem unsere Mitgliederversammlung im vergangenen Jahr relativ sp\u00e4t stattgefunden hat, m\u00f6chten wir uns in diesem Jahr fr\u00fcher mit euch treffen. Im zur\u00fcckliegenden Jahr war Einiges los: Wustweiler Dorffest, Auftritte bei SR Treffpunkt \u00dc-Wagen, Herbst auf Finkenrech und und und.<\/p>\n\n\n\n<p>Bei unserer diesj\u00e4hrigen Mitgliederversammlung m\u00f6chten wir einen neuen Vorstand w\u00e4hlen und bei Pizza und Kaltgetr\u00e4nken auf das zur\u00fcckliegende Jahr mit euch ansto\u00dfen. Dazu laden wir euch herzlich ein!&nbsp;<\/p>\n\n\n\n<p>Hinweis: Gem\u00e4\u00df unserer Satzung wird diese Einladung nur noch per Mail und WhatApp versendet, in den Illinger Nachrichten sowie hier, auf unserer Homepage, ver\u00f6ffentlicht.<\/p>\n\n\n\n<p>Wir freuen uns auf euer Kommen!<\/p>\n\n\n\n<p>Euer Vorstandsteam<\/p>\n\n\n\n<p><\/p>\n\n\n\n<p><strong>Tagesordnung<\/strong><\/p>\n\n\n\n<p>1. Begr\u00fc\u00dfung<\/p>\n\n\n\n<p>2. Feststellung der satzungsm\u00e4\u00dfigen Einberufung der Versammlung und<\/p>\n\n\n\n<p>der Beschlussf\u00e4higkeit<\/p>\n\n\n\n<p>3. Totenehrung<\/p>\n\n\n\n<p>4. Berichte<\/p>\n\n\n\n<p>a) des gesch\u00e4ftsf\u00fchrenden Vorstandsteams<\/p>\n\n\n\n<p>b) des Dirigenten-Teams der Dorfband<\/p>\n\n\n\n<p>5. Aussprache zu den Berichten<\/p>\n\n\n\n<p>6. Stellungnahme der Kassenpr\u00fcfer<\/p>\n\n\n\n<p>7. Entlastung des Vorstandes<\/p>\n\n\n\n<p>8. Wahl eines Versammlungsleiters<\/p>\n\n\n\n<p>9. Neuwahl des Vorstandes:<\/p>\n\n\n\n<p>     &#8211; des gesch\u00e4ftsf\u00fchrenden Vorstandsteams<\/p>\n\n\n\n<p>     &#8211; der Jugendvertreter<\/p>\n\n\n\n<p>     &#8211; der Beisitzer<\/p>\n\n\n\n<p>     &#8211; eines Kassenpr\u00fcfers<\/p>\n\n\n\n<p>     &#8211; der Hilfsorgane (Notenwart \/ Materialwart)<\/p>\n\n\n\n<p>10. Verschiedenes<\/p>\n","protected":false},"excerpt":{"rendered":"<p>Liebe Vereinsmitglieder, nachdem unsere Mitgliederversammlung im vergangenen Jahr relativ sp\u00e4t stattgefunden hat, m\u00f6chten wir uns in diesem Jahr fr\u00fcher mit euch treffen. Im zur\u00fcckliegenden Jahr war Einiges los: Wustweiler Dorffest, Auftritte bei SR Treffpunkt \u00dc-Wagen, Herbst auf Finkenrech und und &hellip; <a href=\"http:\/\/www.musikverein-wustweiler.de\/?p=2634\">Weiterlesen <span class=\"meta-nav\">&rarr;<\/span><\/a><\/p>\n","protected":false},"author":1,"featured_media":0,"comment_status":"closed","ping_status":"closed","sticky":false,"template":"","format":"standard","meta":[],"categories":[10],"tags":[],"_links":{"self":[{"href":"http:\/\/www.musikverein-wustweiler.de\/index.php?rest_route=\/wp\/v2\/posts\/2634"}],"collection":[{"href":"http:\/\/www.musikverein-wustweiler.de\/index.php?rest_route=\/wp\/v2\/posts"}],"about":[{"href":"http:\/\/www.musikverein-wustweiler.de\/index.php?rest_route=\/wp\/v2\/types\/post"}],"author":[{"embeddable":true,"href":"http:\/\/www.musikverein-wustweiler.de\/index.php?rest_route=\/wp\/v2\/users\/1"}],"replies":[{"embeddable":true,"href":"http:\/\/www.musikverein-wustweiler.de\/index.php?rest_route=%2Fwp%2Fv2%2Fcomments&post=2634"}],"version-history":[{"count":2,"href":"http:\/\/www.musikverein-wustweiler.de\/index.php?rest_route=\/wp\/v2\/posts\/2634\/revisions"}],"predecessor-version":[{"id":2636,"href":"http:\/\/www.musikverein-wustweiler.de\/index.php?rest_route=\/wp\/v2\/posts\/2634\/revisions\/2636"}],"wp:attachment":[{"href":"http:\/\/www.musikverein-wustweiler.de\/index.php?rest_route=%2Fwp%2Fv2%2Fmedia&parent=2634"}],"wp:term":[{"taxonomy":"category","embeddable":true,"href":"http:\/\/www.musikverein-wustweiler.de\/index.php?rest_route=%2Fwp%2Fv2%2Fcategories&post=2634"},{"taxonomy":"post_tag","embeddable":true,"href":"http:\/\/www.musikverein-wustweiler.de\/index.php?rest_route=%2Fwp%2Fv2%2Ftags&post=2634"}],"curies":[{"name":"wp","href":"https:\/\/api.w.org\/{rel}","templated":true}]}}