{"id":2618,"date":"2023-11-16T19:19:29","date_gmt":"2023-11-16T19:19:29","guid":{"rendered":"https:\/\/www.musikverein-wustweiler.de\/?p=2618"},"modified":"2023-11-16T19:20:44","modified_gmt":"2023-11-16T19:20:44","slug":"einladung-zur-mitgliederversammlung-2023","status":"publish","type":"post","link":"http:\/\/www.musikverein-wustweiler.de\/?p=2618","title":{"rendered":"Einladung zur Mitgliederversammlung 2023"},"content":{"rendered":"\n<p>Liebe Vereinsmitglieder,<br>wo ist eigentlich die Zeit geblieben? <br>Schon wieder ist das Jahr fast vorbei und wir reiben uns verwundert die Augen.<br>Unser Verein war in diesem Jahr sehr aktiv: Teilnahme beim Wustweiler Dorffest, saarlandweite Auftritte der Dorfband, Auftritte der Wustweiler Musiker, Kinderferienprogramm, ein Sch\u00fclerkonzert und einiges mehr, um nur ein paar Aktivit\u00e4ten zu nennen. Vieles haben wir gemeinsam bewegt und dabei fast, aber nur fast, ein wichtiges Organ unseres Vereins vergessen \u2013 die Mitgliederversammlung. Da keine Vorstandswahlen anstehen, m\u00f6chten wir die Mitgliederversammlung kurz halten und auch nutzen, um gemeinsam bei Gl\u00fchwein und Lebkuchen mit euch auf das zur\u00fcckliegende Jahr anzusto\u00dfen. Dazu laden wir euch herzlich ein! Die Tagesordnung findet ihr dem Bild entnehmen. <\/p>\n\n\n\n<p>Wir freuen uns auf euren Kommen!\ud83c\udf84<br>Euer Vorstandsteam<\/p>\n\n\n\n<figure class=\"wp-block-image size-large\"><a href=\"https:\/\/www.musikverein-wustweiler.de\/wp-content\/uploads\/2023\/11\/Bildschirmfoto-2023-11-16-um-20.18.41.png\"><img loading=\"lazy\" width=\"918\" height=\"1024\" src=\"https:\/\/www.musikverein-wustweiler.de\/wp-content\/uploads\/2023\/11\/Bildschirmfoto-2023-11-16-um-20.18.41-918x1024.png\" alt=\"\" class=\"wp-image-2619\" srcset=\"http:\/\/www.musikverein-wustweiler.de\/wp-content\/uploads\/2023\/11\/Bildschirmfoto-2023-11-16-um-20.18.41-918x1024.png 918w, http:\/\/www.musikverein-wustweiler.de\/wp-content\/uploads\/2023\/11\/Bildschirmfoto-2023-11-16-um-20.18.41-269x300.png 269w, http:\/\/www.musikverein-wustweiler.de\/wp-content\/uploads\/2023\/11\/Bildschirmfoto-2023-11-16-um-20.18.41-768x856.png 768w, http:\/\/www.musikverein-wustweiler.de\/wp-content\/uploads\/2023\/11\/Bildschirmfoto-2023-11-16-um-20.18.41.png 1112w\" sizes=\"(max-width: 918px) 100vw, 918px\" \/><\/a><\/figure>\n","protected":false},"excerpt":{"rendered":"<p>Liebe Vereinsmitglieder,wo ist eigentlich die Zeit geblieben? Schon wieder ist das Jahr fast vorbei und wir reiben uns verwundert die Augen.Unser Verein war in diesem Jahr sehr aktiv: Teilnahme beim Wustweiler Dorffest, saarlandweite Auftritte der Dorfband, Auftritte der Wustweiler Musiker, &hellip; <a href=\"http:\/\/www.musikverein-wustweiler.de\/?p=2618\">Weiterlesen <span class=\"meta-nav\">&rarr;<\/span><\/a><\/p>\n","protected":false},"author":1,"featured_media":0,"comment_status":"closed","ping_status":"closed","sticky":false,"template":"","format":"standard","meta":[],"categories":[10],"tags":[],"_links":{"self":[{"href":"http:\/\/www.musikverein-wustweiler.de\/index.php?rest_route=\/wp\/v2\/posts\/2618"}],"collection":[{"href":"http:\/\/www.musikverein-wustweiler.de\/index.php?rest_route=\/wp\/v2\/posts"}],"about":[{"href":"http:\/\/www.musikverein-wustweiler.de\/index.php?rest_route=\/wp\/v2\/types\/post"}],"author":[{"embeddable":true,"href":"http:\/\/www.musikverein-wustweiler.de\/index.php?rest_route=\/wp\/v2\/users\/1"}],"replies":[{"embeddable":true,"href":"http:\/\/www.musikverein-wustweiler.de\/index.php?rest_route=%2Fwp%2Fv2%2Fcomments&post=2618"}],"version-history":[{"count":3,"href":"http:\/\/www.musikverein-wustweiler.de\/index.php?rest_route=\/wp\/v2\/posts\/2618\/revisions"}],"predecessor-version":[{"id":2622,"href":"http:\/\/www.musikverein-wustweiler.de\/index.php?rest_route=\/wp\/v2\/posts\/2618\/revisions\/2622"}],"wp:attachment":[{"href":"http:\/\/www.musikverein-wustweiler.de\/index.php?rest_route=%2Fwp%2Fv2%2Fmedia&parent=2618"}],"wp:term":[{"taxonomy":"category","embeddable":true,"href":"http:\/\/www.musikverein-wustweiler.de\/index.php?rest_route=%2Fwp%2Fv2%2Fcategories&post=2618"},{"taxonomy":"post_tag","embeddable":true,"href":"http:\/\/www.musikverein-wustweiler.de\/index.php?rest_route=%2Fwp%2Fv2%2Ftags&post=2618"}],"curies":[{"name":"wp","href":"https:\/\/api.w.org\/{rel}","templated":true}]}}