{"id":2607,"date":"2023-07-09T22:27:05","date_gmt":"2023-07-09T22:27:05","guid":{"rendered":"https:\/\/www.musikverein-wustweiler.de\/?p=2607"},"modified":"2023-07-09T22:27:05","modified_gmt":"2023-07-09T22:27:05","slug":"musik-wein-und-musikantensteaks-wir-sind-beim-14-wustweiler-dorffest-dabei","status":"publish","type":"post","link":"http:\/\/www.musikverein-wustweiler.de\/?p=2607","title":{"rendered":"Musik, Wein und Musikantensteaks &#8211; wir sind beim 14. Wustweiler Dorffest dabei!"},"content":{"rendered":"\n<p>Am kommenden Wochenende findet endlich wieder das Wustweiler Dorffest statt. Nach sechs Jahren Pause, ist die Vorfreude riesig. Der Musikverein Wustweiler ist wieder dabei und gleich mehrfach aktiv. Kulinarisch werden wir uns auf unsere \u201eKernkompetenzen\u201c konzentrieren und an unserem Stand\u00a0<strong>Musikantensteaks<\/strong> anbieten \u2013 der Klassiker.<\/p>\n\n\n\n<p>An einem zweiten Stand werden wir, in Zusammenarbeit mit den Jagdhornbl\u00e4sern,&nbsp;<strong>leckere Weine u.a. vom Weingut Michael Schroth aus Gr\u00fcnstadt-Asselheim<\/strong>&nbsp;an der Deutschen Weinstra\u00dfe verkaufen. Im Angebot haben wir einen Sommer-Ros\u00e9, einen Grauer Burgunder, einen fruchtig-trockenen Sausenheimer Chardonnay sowie einen kr\u00e4ftigen Rotwein \u201eStemmari\u201c.<\/p>\n\n\n\n<p>Unsere Besonderheit:&nbsp;<strong>Alle Weine sind auch als Flaschen mit einem Editionsglas erh\u00e4ltlich und zahlen kann man an unserem Stand erstmals bequem mit der Bankkarte.&nbsp;<\/strong><\/p>\n\n\n\n<figure class=\"wp-block-image size-large\"><a href=\"http:\/\/www.musikverein-wustweiler.de\/wp-content\/uploads\/2023\/07\/Weinstand2-scaled.jpg\"><img loading=\"lazy\" width=\"1024\" height=\"768\" src=\"http:\/\/www.musikverein-wustweiler.de\/wp-content\/uploads\/2023\/07\/Weinstand2-1024x768.jpg\" alt=\"\" class=\"wp-image-2608\" srcset=\"http:\/\/www.musikverein-wustweiler.de\/wp-content\/uploads\/2023\/07\/Weinstand2-1024x768.jpg 1024w, http:\/\/www.musikverein-wustweiler.de\/wp-content\/uploads\/2023\/07\/Weinstand2-300x225.jpg 300w, http:\/\/www.musikverein-wustweiler.de\/wp-content\/uploads\/2023\/07\/Weinstand2-768x576.jpg 768w, http:\/\/www.musikverein-wustweiler.de\/wp-content\/uploads\/2023\/07\/Weinstand2-1536x1152.jpg 1536w, http:\/\/www.musikverein-wustweiler.de\/wp-content\/uploads\/2023\/07\/Weinstand2-2048x1536.jpg 2048w, http:\/\/www.musikverein-wustweiler.de\/wp-content\/uploads\/2023\/07\/Weinstand2-400x300.jpg 400w\" sizes=\"(max-width: 1024px) 100vw, 1024px\" \/><\/a><\/figure>\n\n\n\n<p>F\u00fcr Weinliebhaber ist ein Besuch an unserem Weinstand absolut zu empfehlen!<\/p>\n\n\n\n<p>Auch musikalisch ist der Musikverein beim Dorffest dabei.<\/p>\n\n\n\n<p>Die\u00a0<strong>Dorfband<\/strong>, eine Formation von uns, spielt am\u00a0<strong>Freitag von 19.30 bis 21.00 Uhr auf der Hauptb\u00fchne.\u00a0<\/strong><\/p>\n\n\n\n<figure class=\"wp-block-image size-large\"><a href=\"http:\/\/www.musikverein-wustweiler.de\/wp-content\/uploads\/2022\/10\/IMG_6161-scaled.jpg\"><img loading=\"lazy\" width=\"1024\" height=\"768\" src=\"http:\/\/www.musikverein-wustweiler.de\/wp-content\/uploads\/2022\/10\/IMG_6161-1024x768.jpg\" alt=\"\" class=\"wp-image-2570\" srcset=\"http:\/\/www.musikverein-wustweiler.de\/wp-content\/uploads\/2022\/10\/IMG_6161-1024x768.jpg 1024w, http:\/\/www.musikverein-wustweiler.de\/wp-content\/uploads\/2022\/10\/IMG_6161-300x225.jpg 300w, http:\/\/www.musikverein-wustweiler.de\/wp-content\/uploads\/2022\/10\/IMG_6161-768x576.jpg 768w, http:\/\/www.musikverein-wustweiler.de\/wp-content\/uploads\/2022\/10\/IMG_6161-1536x1152.jpg 1536w, http:\/\/www.musikverein-wustweiler.de\/wp-content\/uploads\/2022\/10\/IMG_6161-2048x1536.jpg 2048w, http:\/\/www.musikverein-wustweiler.de\/wp-content\/uploads\/2022\/10\/IMG_6161-400x300.jpg 400w\" sizes=\"(max-width: 1024px) 100vw, 1024px\" \/><\/a><\/figure>\n\n\n\n<p>Au\u00dferdem sind wir in den Gemeinschaftsst\u00e4nden u.a. an der Craft-Bier-Theke und nat\u00fcrlich beim Auf- und Abbau des Festes dabei. Jetzt bereits vielen Dank an alle Vereinsmitglieder und Helfer f\u00fcr eure Unterst\u00fctzung beim Dorffest! Danke auch an das ganze DGV-Team f\u00fcr die Organisation des Festes.<\/p>\n\n\n\n<p>Wir w\u00fcnschen allen Besuchern und Wustweiler Vereinen ein sch\u00f6nes 14. Wustweiler Dorffest und freuen uns auf euren Besuch am Weinstand.<\/p>\n","protected":false},"excerpt":{"rendered":"<p>Am kommenden Wochenende findet endlich wieder das Wustweiler Dorffest statt. Nach sechs Jahren Pause, ist die Vorfreude riesig. Der Musikverein Wustweiler ist wieder dabei und gleich mehrfach aktiv. Kulinarisch werden wir uns auf unsere \u201eKernkompetenzen\u201c konzentrieren und an unserem Stand\u00a0Musikantensteaks &hellip; <a href=\"http:\/\/www.musikverein-wustweiler.de\/?p=2607\">Weiterlesen <span class=\"meta-nav\">&rarr;<\/span><\/a><\/p>\n","protected":false},"author":1,"featured_media":0,"comment_status":"closed","ping_status":"closed","sticky":false,"template":"","format":"standard","meta":[],"categories":[10],"tags":[],"_links":{"self":[{"href":"http:\/\/www.musikverein-wustweiler.de\/index.php?rest_route=\/wp\/v2\/posts\/2607"}],"collection":[{"href":"http:\/\/www.musikverein-wustweiler.de\/index.php?rest_route=\/wp\/v2\/posts"}],"about":[{"href":"http:\/\/www.musikverein-wustweiler.de\/index.php?rest_route=\/wp\/v2\/types\/post"}],"author":[{"embeddable":true,"href":"http:\/\/www.musikverein-wustweiler.de\/index.php?rest_route=\/wp\/v2\/users\/1"}],"replies":[{"embeddable":true,"href":"http:\/\/www.musikverein-wustweiler.de\/index.php?rest_route=%2Fwp%2Fv2%2Fcomments&post=2607"}],"version-history":[{"count":1,"href":"http:\/\/www.musikverein-wustweiler.de\/index.php?rest_route=\/wp\/v2\/posts\/2607\/revisions"}],"predecessor-version":[{"id":2609,"href":"http:\/\/www.musikverein-wustweiler.de\/index.php?rest_route=\/wp\/v2\/posts\/2607\/revisions\/2609"}],"wp:attachment":[{"href":"http:\/\/www.musikverein-wustweiler.de\/index.php?rest_route=%2Fwp%2Fv2%2Fmedia&parent=2607"}],"wp:term":[{"taxonomy":"category","embeddable":true,"href":"http:\/\/www.musikverein-wustweiler.de\/index.php?rest_route=%2Fwp%2Fv2%2Fcategories&post=2607"},{"taxonomy":"post_tag","embeddable":true,"href":"http:\/\/www.musikverein-wustweiler.de\/index.php?rest_route=%2Fwp%2Fv2%2Ftags&post=2607"}],"curies":[{"name":"wp","href":"https:\/\/api.w.org\/{rel}","templated":true}]}}