{"id":2445,"date":"2021-12-23T12:24:46","date_gmt":"2021-12-23T12:24:46","guid":{"rendered":"http:\/\/www.musikverein-wustweiler.de\/?p=2445"},"modified":"2021-12-24T11:15:22","modified_gmt":"2021-12-24T11:15:22","slug":"oops-we-did-it-again-musikalische-weihnachtsgruesse-aus-dem-illtal-part-2","status":"publish","type":"post","link":"http:\/\/www.musikverein-wustweiler.de\/?p=2445","title":{"rendered":"Oops! \u2026 we did it again!  Musikalische Weihnachtsgr\u00fc\u00dfe aus dem Illtal \u2013 Part 2."},"content":{"rendered":"\n<p>Nachdem das Dorfbandprojekt Wustweiler im vergangenen Jahr erstmals ein Weihnachtsvideo produziert hatte und dies sehr viel positive Resonanz ausgel\u00f6st hat, legen wir in diesem Jahr noch eine Schippe drauf. Mit \u201eSanta Baby\u201c haben wir erstmals einen Titel mit Gesang eingespielt. Sowohl das Arrangement, die Tonaufnahmen und die Videoproduktion wurden komplett vereinsintern und unter Einhaltung der geltenden Corona-Regeln umgesetzt. An dieser Stelle einen besonderen Dank an Fabian Scheid, Thorsten Koch und Christian Eckert.&nbsp;<\/p>\n\n\n\n<figure class=\"wp-block-image\"><img loading=\"lazy\" width=\"1024\" height=\"578\" src=\"http:\/\/www.musikverein-wustweiler.de\/wp-content\/uploads\/2021\/12\/Bildschirmfoto-2021-12-22-um-22.20.50-1-1024x578.png\" alt=\"\" class=\"wp-image-2442\" srcset=\"http:\/\/www.musikverein-wustweiler.de\/wp-content\/uploads\/2021\/12\/Bildschirmfoto-2021-12-22-um-22.20.50-1-1024x578.png 1024w, http:\/\/www.musikverein-wustweiler.de\/wp-content\/uploads\/2021\/12\/Bildschirmfoto-2021-12-22-um-22.20.50-1-300x169.png 300w, http:\/\/www.musikverein-wustweiler.de\/wp-content\/uploads\/2021\/12\/Bildschirmfoto-2021-12-22-um-22.20.50-1-768x433.png 768w, http:\/\/www.musikverein-wustweiler.de\/wp-content\/uploads\/2021\/12\/Bildschirmfoto-2021-12-22-um-22.20.50-1-500x282.png 500w\" sizes=\"(max-width: 1024px) 100vw, 1024px\" \/><\/figure>\n\n\n\n<p>Das Video wurde an verschiedenen Orten in Wustweiler gefilmt. Die Tonaufnahmen wurden von jedem Musiker einzeln bzw. satzweise im Proberaum aufgenommen.&nbsp;<\/p>\n\n\n\n<figure class=\"wp-block-video\"><video controls src=\"http:\/\/www.musikverein-wustweiler.de\/wp-content\/uploads\/2021\/12\/Santa_Baby_720p-2.mp4\"><\/video><\/figure>\n\n\n\n<p>Das Video ist auch auf der Facebookseite des Dorfgemeinschaftsverein Wustweiler zu finden. <a href=\"https:\/\/fb.watch\/a48-mtFC-A\/\">Hier der LINK!<\/a><\/p>\n\n\n\n<p>M\u00f6glich wurde die erneute Videoproduktion durch die Unterst\u00fctzung von IMPULS&nbsp;\u2013&nbsp;Das F\u00f6rderprogramm f\u00fcr Amateurmusik in&nbsp;l\u00e4ndlichen R\u00e4umen. Die F\u00f6rderung soll den Vereinen&nbsp;Impulse und Motivationshilfen zur nachhaltigen St\u00e4rkung und erh\u00f6hten Sichtbarkeit f\u00fcr den zeitnahen Neustart nach der Corona-Pause erm\u00f6glichen. Die Ensembles sollen so zur schnellen Wiederaufnahme der Proben- und Konzertt\u00e4tigkeit bef\u00e4higt werden und Unterst\u00fctzung bei durch die Pandemie beschleunigten Transformationsprozessen in den Bereichen&nbsp;Gewinnung von Mitgliedern und Digitalit\u00e4t erhalten.&nbsp;Diese Unterst\u00fctzung haben wir gerne angenommen. <\/p>\n\n\n\n<p>Das Weihnachtsvideo ist allerdings nur ein Teil unserer IMPULS Aktivit\u00e4ten. Bereits vor mehreren Wochen durften wir mehrere Workshops durchf\u00fchren, um Musiktitel gemeinsam im Proberaum und digital einzustudieren. Auch durften wir passende Tontechnik f\u00fcr die Produktion anschaffen.<\/p>\n\n\n\n<p>An dieser Stelle vielen Dank an das IMPULS Team.&nbsp;<\/p>\n\n\n\n<p>Danke auch an alle beteiligen Musikerinnen und Musiker sowie viele flei\u00dfige Helfer im Hintergrund.<\/p>\n\n\n\n<p>Der Musikverein Wustweiler und alle Musikerinnen und Musiker des Dorfbandprojektes w\u00fcnschen Frohe Weihnachten und einen guten Rutsch ins neue Jahr.<\/p>\n\n\n\n<figure class=\"wp-block-image\"><img loading=\"lazy\" width=\"1024\" height=\"577\" src=\"http:\/\/www.musikverein-wustweiler.de\/wp-content\/uploads\/2021\/12\/Bildschirmfoto-2021-12-22-um-22.20.26-1024x577.png\" alt=\"\" class=\"wp-image-2441\" srcset=\"http:\/\/www.musikverein-wustweiler.de\/wp-content\/uploads\/2021\/12\/Bildschirmfoto-2021-12-22-um-22.20.26-1024x577.png 1024w, http:\/\/www.musikverein-wustweiler.de\/wp-content\/uploads\/2021\/12\/Bildschirmfoto-2021-12-22-um-22.20.26-300x169.png 300w, http:\/\/www.musikverein-wustweiler.de\/wp-content\/uploads\/2021\/12\/Bildschirmfoto-2021-12-22-um-22.20.26-768x433.png 768w, http:\/\/www.musikverein-wustweiler.de\/wp-content\/uploads\/2021\/12\/Bildschirmfoto-2021-12-22-um-22.20.26-500x282.png 500w\" sizes=\"(max-width: 1024px) 100vw, 1024px\" \/><\/figure>\n","protected":false},"excerpt":{"rendered":"<p>Nachdem das Dorfbandprojekt Wustweiler im vergangenen Jahr erstmals ein Weihnachtsvideo produziert hatte und dies sehr viel positive Resonanz ausgel\u00f6st hat, legen wir in diesem Jahr noch eine Schippe drauf. Mit \u201eSanta Baby\u201c haben wir erstmals einen Titel mit Gesang eingespielt. &hellip; <a href=\"http:\/\/www.musikverein-wustweiler.de\/?p=2445\">Weiterlesen <span class=\"meta-nav\">&rarr;<\/span><\/a><\/p>\n","protected":false},"author":1,"featured_media":0,"comment_status":"closed","ping_status":"closed","sticky":false,"template":"","format":"standard","meta":[],"categories":[10],"tags":[],"_links":{"self":[{"href":"http:\/\/www.musikverein-wustweiler.de\/index.php?rest_route=\/wp\/v2\/posts\/2445"}],"collection":[{"href":"http:\/\/www.musikverein-wustweiler.de\/index.php?rest_route=\/wp\/v2\/posts"}],"about":[{"href":"http:\/\/www.musikverein-wustweiler.de\/index.php?rest_route=\/wp\/v2\/types\/post"}],"author":[{"embeddable":true,"href":"http:\/\/www.musikverein-wustweiler.de\/index.php?rest_route=\/wp\/v2\/users\/1"}],"replies":[{"embeddable":true,"href":"http:\/\/www.musikverein-wustweiler.de\/index.php?rest_route=%2Fwp%2Fv2%2Fcomments&post=2445"}],"version-history":[{"count":3,"href":"http:\/\/www.musikverein-wustweiler.de\/index.php?rest_route=\/wp\/v2\/posts\/2445\/revisions"}],"predecessor-version":[{"id":2452,"href":"http:\/\/www.musikverein-wustweiler.de\/index.php?rest_route=\/wp\/v2\/posts\/2445\/revisions\/2452"}],"wp:attachment":[{"href":"http:\/\/www.musikverein-wustweiler.de\/index.php?rest_route=%2Fwp%2Fv2%2Fmedia&parent=2445"}],"wp:term":[{"taxonomy":"category","embeddable":true,"href":"http:\/\/www.musikverein-wustweiler.de\/index.php?rest_route=%2Fwp%2Fv2%2Fcategories&post=2445"},{"taxonomy":"post_tag","embeddable":true,"href":"http:\/\/www.musikverein-wustweiler.de\/index.php?rest_route=%2Fwp%2Fv2%2Ftags&post=2445"}],"curies":[{"name":"wp","href":"https:\/\/api.w.org\/{rel}","templated":true}]}}