{"id":2367,"date":"2021-07-15T21:50:10","date_gmt":"2021-07-15T21:50:10","guid":{"rendered":"http:\/\/www.musikverein-wustweiler.de\/?p=2367"},"modified":"2021-07-15T21:50:10","modified_gmt":"2021-07-15T21:50:10","slug":"ferienfeier-der-blockfloeten-und-querfloetenschueler","status":"publish","type":"post","link":"http:\/\/www.musikverein-wustweiler.de\/?p=2367","title":{"rendered":"Ferienfeier der Blockfl\u00f6ten und Querfl\u00f6tensch\u00fcler"},"content":{"rendered":"\n<p>Am vergangenen Dienstag fand wieder die Ferienfeier der Blockfl\u00f6ten und Querfl\u00f6tensch\u00fcler von Frau Frick statt. Dabei wurde gebastelt, gespielt, Eis gegessen und gemeinsam in die wohlverdienten Ferien gefeiert. Nach den Sommerferien startet wieder der Unterricht und neue Blockfl\u00f6tenkurse.<\/p>\n\n\n\n<p>Bei Interesse einfach melden: <\/p>\n\n\n\n<p>info@musikverein-wustweiler.de oder 0160-4107104<\/p>\n\n\n\n<figure class=\"wp-block-image\"><img loading=\"lazy\" width=\"1024\" height=\"768\" src=\"https:\/\/www.musikverein-wustweiler.de\/wp-content\/uploads\/2021\/07\/WhatsApp-Image-2021-07-13-at-19.26.37-1-1024x768.jpeg\" alt=\"\" class=\"wp-image-2374\" srcset=\"http:\/\/www.musikverein-wustweiler.de\/wp-content\/uploads\/2021\/07\/WhatsApp-Image-2021-07-13-at-19.26.37-1.jpeg 1024w, http:\/\/www.musikverein-wustweiler.de\/wp-content\/uploads\/2021\/07\/WhatsApp-Image-2021-07-13-at-19.26.37-1-300x225.jpeg 300w, http:\/\/www.musikverein-wustweiler.de\/wp-content\/uploads\/2021\/07\/WhatsApp-Image-2021-07-13-at-19.26.37-1-768x576.jpeg 768w, http:\/\/www.musikverein-wustweiler.de\/wp-content\/uploads\/2021\/07\/WhatsApp-Image-2021-07-13-at-19.26.37-1-400x300.jpeg 400w\" sizes=\"(max-width: 1024px) 100vw, 1024px\" \/><\/figure>\n\n\n\n<figure class=\"wp-block-image\"><img loading=\"lazy\" width=\"1024\" height=\"768\" src=\"https:\/\/www.musikverein-wustweiler.de\/wp-content\/uploads\/2021\/07\/WhatsApp-Image-2021-07-13-at-19.26.37-6-1024x768.jpeg\" alt=\"\" class=\"wp-image-2368\" srcset=\"http:\/\/www.musikverein-wustweiler.de\/wp-content\/uploads\/2021\/07\/WhatsApp-Image-2021-07-13-at-19.26.37-6.jpeg 1024w, http:\/\/www.musikverein-wustweiler.de\/wp-content\/uploads\/2021\/07\/WhatsApp-Image-2021-07-13-at-19.26.37-6-300x225.jpeg 300w, http:\/\/www.musikverein-wustweiler.de\/wp-content\/uploads\/2021\/07\/WhatsApp-Image-2021-07-13-at-19.26.37-6-768x576.jpeg 768w, http:\/\/www.musikverein-wustweiler.de\/wp-content\/uploads\/2021\/07\/WhatsApp-Image-2021-07-13-at-19.26.37-6-400x300.jpeg 400w\" sizes=\"(max-width: 1024px) 100vw, 1024px\" \/><\/figure>\n\n\n\n<figure class=\"wp-block-image\"><img loading=\"lazy\" width=\"1024\" height=\"768\" src=\"https:\/\/www.musikverein-wustweiler.de\/wp-content\/uploads\/2021\/07\/WhatsApp-Image-2021-07-13-at-19.26.37-5-1024x768.jpeg\" alt=\"\" class=\"wp-image-2369\" srcset=\"http:\/\/www.musikverein-wustweiler.de\/wp-content\/uploads\/2021\/07\/WhatsApp-Image-2021-07-13-at-19.26.37-5.jpeg 1024w, http:\/\/www.musikverein-wustweiler.de\/wp-content\/uploads\/2021\/07\/WhatsApp-Image-2021-07-13-at-19.26.37-5-300x225.jpeg 300w, http:\/\/www.musikverein-wustweiler.de\/wp-content\/uploads\/2021\/07\/WhatsApp-Image-2021-07-13-at-19.26.37-5-768x576.jpeg 768w, http:\/\/www.musikverein-wustweiler.de\/wp-content\/uploads\/2021\/07\/WhatsApp-Image-2021-07-13-at-19.26.37-5-400x300.jpeg 400w\" sizes=\"(max-width: 1024px) 100vw, 1024px\" \/><\/figure>\n\n\n\n<figure class=\"wp-block-image\"><img loading=\"lazy\" width=\"1024\" height=\"768\" src=\"https:\/\/www.musikverein-wustweiler.de\/wp-content\/uploads\/2021\/07\/WhatsApp-Image-2021-07-13-at-19.26.37-4-1024x768.jpeg\" alt=\"\" class=\"wp-image-2370\" srcset=\"http:\/\/www.musikverein-wustweiler.de\/wp-content\/uploads\/2021\/07\/WhatsApp-Image-2021-07-13-at-19.26.37-4.jpeg 1024w, http:\/\/www.musikverein-wustweiler.de\/wp-content\/uploads\/2021\/07\/WhatsApp-Image-2021-07-13-at-19.26.37-4-300x225.jpeg 300w, http:\/\/www.musikverein-wustweiler.de\/wp-content\/uploads\/2021\/07\/WhatsApp-Image-2021-07-13-at-19.26.37-4-768x576.jpeg 768w, http:\/\/www.musikverein-wustweiler.de\/wp-content\/uploads\/2021\/07\/WhatsApp-Image-2021-07-13-at-19.26.37-4-400x300.jpeg 400w\" sizes=\"(max-width: 1024px) 100vw, 1024px\" \/><\/figure>\n\n\n\n<figure class=\"wp-block-image\"><img loading=\"lazy\" width=\"1024\" height=\"768\" src=\"https:\/\/www.musikverein-wustweiler.de\/wp-content\/uploads\/2021\/07\/WhatsApp-Image-2021-07-13-at-19.26.37-3-1024x768.jpeg\" alt=\"\" class=\"wp-image-2371\" srcset=\"http:\/\/www.musikverein-wustweiler.de\/wp-content\/uploads\/2021\/07\/WhatsApp-Image-2021-07-13-at-19.26.37-3.jpeg 1024w, http:\/\/www.musikverein-wustweiler.de\/wp-content\/uploads\/2021\/07\/WhatsApp-Image-2021-07-13-at-19.26.37-3-300x225.jpeg 300w, http:\/\/www.musikverein-wustweiler.de\/wp-content\/uploads\/2021\/07\/WhatsApp-Image-2021-07-13-at-19.26.37-3-768x576.jpeg 768w, http:\/\/www.musikverein-wustweiler.de\/wp-content\/uploads\/2021\/07\/WhatsApp-Image-2021-07-13-at-19.26.37-3-400x300.jpeg 400w\" sizes=\"(max-width: 1024px) 100vw, 1024px\" \/><\/figure>\n\n\n\n<figure class=\"wp-block-image\"><img loading=\"lazy\" width=\"1024\" height=\"768\" src=\"https:\/\/www.musikverein-wustweiler.de\/wp-content\/uploads\/2021\/07\/WhatsApp-Image-2021-07-13-at-19.26.37-2-1024x768.jpeg\" alt=\"\" class=\"wp-image-2372\" srcset=\"http:\/\/www.musikverein-wustweiler.de\/wp-content\/uploads\/2021\/07\/WhatsApp-Image-2021-07-13-at-19.26.37-2.jpeg 1024w, http:\/\/www.musikverein-wustweiler.de\/wp-content\/uploads\/2021\/07\/WhatsApp-Image-2021-07-13-at-19.26.37-2-300x225.jpeg 300w, http:\/\/www.musikverein-wustweiler.de\/wp-content\/uploads\/2021\/07\/WhatsApp-Image-2021-07-13-at-19.26.37-2-768x576.jpeg 768w, http:\/\/www.musikverein-wustweiler.de\/wp-content\/uploads\/2021\/07\/WhatsApp-Image-2021-07-13-at-19.26.37-2-400x300.jpeg 400w\" sizes=\"(max-width: 1024px) 100vw, 1024px\" \/><\/figure>\n","protected":false},"excerpt":{"rendered":"<p>Am vergangenen Dienstag fand wieder die Ferienfeier der Blockfl\u00f6ten und Querfl\u00f6tensch\u00fcler von Frau Frick statt. Dabei wurde gebastelt, gespielt, Eis gegessen und gemeinsam in die wohlverdienten Ferien gefeiert. Nach den Sommerferien startet wieder der Unterricht und neue Blockfl\u00f6tenkurse. Bei Interesse &hellip; <a href=\"http:\/\/www.musikverein-wustweiler.de\/?p=2367\">Weiterlesen <span class=\"meta-nav\">&rarr;<\/span><\/a><\/p>\n","protected":false},"author":1,"featured_media":0,"comment_status":"closed","ping_status":"closed","sticky":false,"template":"","format":"standard","meta":[],"categories":[10],"tags":[],"_links":{"self":[{"href":"http:\/\/www.musikverein-wustweiler.de\/index.php?rest_route=\/wp\/v2\/posts\/2367"}],"collection":[{"href":"http:\/\/www.musikverein-wustweiler.de\/index.php?rest_route=\/wp\/v2\/posts"}],"about":[{"href":"http:\/\/www.musikverein-wustweiler.de\/index.php?rest_route=\/wp\/v2\/types\/post"}],"author":[{"embeddable":true,"href":"http:\/\/www.musikverein-wustweiler.de\/index.php?rest_route=\/wp\/v2\/users\/1"}],"replies":[{"embeddable":true,"href":"http:\/\/www.musikverein-wustweiler.de\/index.php?rest_route=%2Fwp%2Fv2%2Fcomments&post=2367"}],"version-history":[{"count":3,"href":"http:\/\/www.musikverein-wustweiler.de\/index.php?rest_route=\/wp\/v2\/posts\/2367\/revisions"}],"predecessor-version":[{"id":2377,"href":"http:\/\/www.musikverein-wustweiler.de\/index.php?rest_route=\/wp\/v2\/posts\/2367\/revisions\/2377"}],"wp:attachment":[{"href":"http:\/\/www.musikverein-wustweiler.de\/index.php?rest_route=%2Fwp%2Fv2%2Fmedia&parent=2367"}],"wp:term":[{"taxonomy":"category","embeddable":true,"href":"http:\/\/www.musikverein-wustweiler.de\/index.php?rest_route=%2Fwp%2Fv2%2Fcategories&post=2367"},{"taxonomy":"post_tag","embeddable":true,"href":"http:\/\/www.musikverein-wustweiler.de\/index.php?rest_route=%2Fwp%2Fv2%2Ftags&post=2367"}],"curies":[{"name":"wp","href":"https:\/\/api.w.org\/{rel}","templated":true}]}}