{"id":2220,"date":"2020-12-16T22:35:20","date_gmt":"2020-12-16T22:35:20","guid":{"rendered":"http:\/\/www.musikverein-wustweiler.de\/?p=2220"},"modified":"2020-12-16T23:30:55","modified_gmt":"2020-12-16T23:30:55","slug":"musikalische-weihnachtsgruesse-aus-dem-illtal","status":"publish","type":"post","link":"http:\/\/www.musikverein-wustweiler.de\/?p=2220","title":{"rendered":"Musikalische Weihnachtsgr\u00fc\u00dfe aus dem Illtal"},"content":{"rendered":"\n<p><strong>Das \u201eDorfbandprojekt Wustweiler\u201c stellt sich mit einem musikalischen Weihnachtsvideo vor.&nbsp;<\/strong><\/p>\n\n\n\n<p>Ein ganz besonderes Jahr geht langsam zu Ende. F\u00fcr den Musikverein Wustweiler war das vergangene Jahr voller Einschr\u00e4nkungen aber auch voller hoffnungsvoller Ver\u00e4nderungen.<\/p>\n\n\n\n<p>Der Probebetrieb des gro\u00dfen Orchesters und auch des Jugendorchesters musste mehrfach ausgesetzt werden, konnte aber unter Corona-Bedingungen wieder aufgenommen werden, bevor er wieder gestoppt wurde. Alle geplanten Konzerte und Auftritte mussten abgesagt werden. Das war f\u00fcr alle Musiker und den Verein ein nicht sch\u00f6ner, aber ein absolut notwendiger Schritt.<\/p>\n\n\n\n<p><strong>Weihnachtsblasen in Wustweiler findet nicht statt \u2013 Weihnachtskl\u00e4nge digital.<\/strong><\/p>\n\n\n\n<p>Auch das traditionelle Weihnachtsblasen der Wustweiler Musiker am Heiligen Abend muss aufgrund der Pandemie in diesem Jahr leider ausfallen.\u00a0<\/p>\n\n\n\n<p>Das Jahr 2020 war aber auch gleichzeitig ein Neustart f\u00fcr die Musiker aus Wustweiler. Nach mehreren erfolgreichen Jahren in einer Spielgemeinschaft zusammen mit dem Musikverein aus H\u00fcttigweiler haben sich beide Vereine musikalisch getrennt und f\u00fchren die musikalische Arbeit nun getrennt fort. Das Jugendorchester IllJO bleibt weiterhin als gemeinsames Projekt erhalten.<\/p>\n\n\n\n<p>Die Musiker des Musikverein Wustweiler haben sich lange Gedanken gemacht, wie die musikalische Arbeit in Wustweiler weitergehen soll und neu f\u00fcr die Zukunft aufgestellt werden kann. Das Ergebnis ist ein komplett neues Musikkonzept.<\/p>\n\n\n\n<p><strong>Dorfbandprojekt Wustweiler <\/strong><\/p>\n\n\n\n<p>So wurde das \u201eDorfbandprojekt Wustweiler\u201c gegr\u00fcndet. Diese neue Formation versteht sich nicht als Blasorchester, sondern vielmehr als Band f\u00fcr Musiker aus dem Illtal. Gr\u00f6\u00dfte Unterschiede: Elektronische Instrumente wie z.B. E-Bass und Gitarren sind in der Band vertreten. Es gibt keinen klassischen Dirigenten sondern, \u00e4hnlich wie im Fu\u00dfball, zwei \u201eSpielertrainer\u201c. Thorsten Koch und Fabian Scheid, beides Musikprofis aus der Region, leiten die Band und spielen gleichzeitig als Musiker mit. Auch die Titelauswahl hat sich ge\u00e4ndert. Fast alle Musiktitel werden f\u00fcr die 16-k\u00f6pfige Band neu von den musikalischen Leitern arrangiert. Auf dem Programm stehen moderne Pop-, Rock-Titel aber auch alte und neue Musikklassiker. Das Bandprojekt versteht sich auch nicht mehr als reine Wustweiler Formation, sondern ist ein Zusammenschluss von Musikern aus der ganzen Region.<\/p>\n\n\n\n<p>Was entstehen kann, wenn kreative Musiker in Corona-Zeiten die K\u00f6pfe zusammenstecken, kann man im neuen Weihnachtsvideo des \u201eDorfbandprojekt Wustweiler\u201c sehen.&nbsp;<\/p>\n\n\n\n<p>Auch wenn ein Zusammenspiel der Musiker derzeit nicht m\u00f6glich ist, haben die Bandmitglieder sich digital getroffen und gemeinsam den Weihnachtstitel \u201eFeliz Navidad\u201c eingespielt. Entstanden ist ein witziges Musikvideo mit Bandsound und Musikern aus 18 verschiedenen Wohnzimmern im Ill- und Merchtal. Das Video ist ab Dienstag, 22. Dezember auf dieser Webseite sowie in Facebook zu sehen und darf als \u201emusikalische Weihnachtsgr\u00fc\u00dfe aus dem Illtal\u201c gerne von jedem geteilt werden.<\/p>\n\n\n\n<p>F\u00fcr das kommende Jahr sind bereits weitere spannende Projekte des Dorfbandprojektes Wustweiler in Planung. Auch zu Corona-Zeiten lassen sich die Musiker aus Wustweiler und der ganzen Umgebung nicht unterkriegen und fiebern nach der digitalen Musikpremiere nun auch auf den hoffentlich ersten Live-Auftritt im kommenden Jahr hin. Musikfans d\u00fcrfen gespannt sein.&nbsp;<\/p>\n\n\n\n<p>An dieser Stelle m\u00f6chte sich der Musikverein Wustweiler bei allen Mitgliedern, Musikern und Unterst\u00fctzern und den Mitgliedern des \u201eDorfbandprojektes\u201c f\u00fcr das Jahr 2020 bedanken.<\/p>\n\n\n\n<p>Wir w\u00fcnschen allen ein sch\u00f6nes Weihnachtsfest, einen guten Rutsch und umso wichtiger: Alles Gute f\u00fcr die kommende Zeit.&nbsp;<\/p>\n\n\n\n<p>Bleiben Sie gesund!<\/p>\n\n\n\n<p>Das Vorstandteam des Musikverein Wustweiler&nbsp;<\/p>\n","protected":false},"excerpt":{"rendered":"<p>Das \u201eDorfbandprojekt Wustweiler\u201c stellt sich mit einem musikalischen Weihnachtsvideo vor.&nbsp; Ein ganz besonderes Jahr geht langsam zu Ende. F\u00fcr den Musikverein Wustweiler war das vergangene Jahr voller Einschr\u00e4nkungen aber auch voller hoffnungsvoller Ver\u00e4nderungen. Der Probebetrieb des gro\u00dfen Orchesters und auch &hellip; <a href=\"http:\/\/www.musikverein-wustweiler.de\/?p=2220\">Weiterlesen <span class=\"meta-nav\">&rarr;<\/span><\/a><\/p>\n","protected":false},"author":1,"featured_media":0,"comment_status":"closed","ping_status":"closed","sticky":false,"template":"","format":"standard","meta":[],"categories":[10],"tags":[],"_links":{"self":[{"href":"http:\/\/www.musikverein-wustweiler.de\/index.php?rest_route=\/wp\/v2\/posts\/2220"}],"collection":[{"href":"http:\/\/www.musikverein-wustweiler.de\/index.php?rest_route=\/wp\/v2\/posts"}],"about":[{"href":"http:\/\/www.musikverein-wustweiler.de\/index.php?rest_route=\/wp\/v2\/types\/post"}],"author":[{"embeddable":true,"href":"http:\/\/www.musikverein-wustweiler.de\/index.php?rest_route=\/wp\/v2\/users\/1"}],"replies":[{"embeddable":true,"href":"http:\/\/www.musikverein-wustweiler.de\/index.php?rest_route=%2Fwp%2Fv2%2Fcomments&post=2220"}],"version-history":[{"count":2,"href":"http:\/\/www.musikverein-wustweiler.de\/index.php?rest_route=\/wp\/v2\/posts\/2220\/revisions"}],"predecessor-version":[{"id":2223,"href":"http:\/\/www.musikverein-wustweiler.de\/index.php?rest_route=\/wp\/v2\/posts\/2220\/revisions\/2223"}],"wp:attachment":[{"href":"http:\/\/www.musikverein-wustweiler.de\/index.php?rest_route=%2Fwp%2Fv2%2Fmedia&parent=2220"}],"wp:term":[{"taxonomy":"category","embeddable":true,"href":"http:\/\/www.musikverein-wustweiler.de\/index.php?rest_route=%2Fwp%2Fv2%2Fcategories&post=2220"},{"taxonomy":"post_tag","embeddable":true,"href":"http:\/\/www.musikverein-wustweiler.de\/index.php?rest_route=%2Fwp%2Fv2%2Ftags&post=2220"}],"curies":[{"name":"wp","href":"https:\/\/api.w.org\/{rel}","templated":true}]}}