{"id":2181,"date":"2020-03-17T21:20:43","date_gmt":"2020-03-17T21:20:43","guid":{"rendered":"http:\/\/www.musikverein-wustweiler.de\/?p=2181"},"modified":"2020-03-17T21:20:43","modified_gmt":"2020-03-17T21:20:43","slug":"konzert-abgesagt","status":"publish","type":"post","link":"http:\/\/www.musikverein-wustweiler.de\/?p=2181","title":{"rendered":"Konzert abgesagt!"},"content":{"rendered":"\n<p>Liebe Musikfreunde,&nbsp;<\/p>\n\n\n\n<p>aufgrund der aktuellen Lage und gem\u00e4\u00df den beh\u00f6rdlichen Anordnungen m\u00fcssen wir schweren Herzens unser geplantes Konzert \u201eZauber der Trompete\u201c (Sonntag, 26. M\u00e4rz in der Illipse Illingen), ersatzlos absagen.<\/p>\n\n\n\n<p>Bereits gekaufte Tickets k\u00f6nnen bei der VVK-Stelle, bei der sie erworben wurden, zur\u00fcckgegeben werden:<\/p>\n\n\n\n<p>&#8211; Kulturamt der Gemeinde Illingen&nbsp;<\/p>\n\n\n\n<p>&#8211; Bruno Klein (in Wustweiler) und Martin Kreutzer (in H\u00fcttigweiler)&nbsp;<\/p>\n\n\n\n<p>&#8211; Ticket-Regional&nbsp;<\/p>\n\n\n\n<p>Der Ticketpreis wird zur\u00fcckerstattet. Bei Fragen oder Problemen stehen wir gerne zur Verf\u00fcgung:&nbsp;<a href=\"mailto:info@musikverein-wustweiler.de\">info@musikverein-wustweiler.de<\/a><\/p>\n\n\n\n<p>Wir hoffen, ihr k\u00f6nnt&nbsp;die Entscheidung der Absage nachvollziehen und wir sehen uns bei einem unserer n\u00e4chsten Konzerte oder Auftritte wieder.<\/p>\n\n\n\n<p>Die Spielgemeinschaft der Musikvereine H\u00fcttigweiler \/ Wustweiler legt nun erst einmal eine Probepause bis voraussichtlich Mitte\/Ende April ein.&nbsp;<\/p>\n\n\n\n<p>Wir kommen aber wieder. Bis dahin&nbsp;w\u00fcnschen wir euch allen das Beste f\u00fcr die kommenden Wochen und Monate.&nbsp;<\/p>\n\n\n\n<p>Bleibt gesund!&nbsp;<\/p>\n\n\n\n<p>Die Musikerinnen und Musiker und der Dirigent der Spielgemeinschaft der Musikvereine\u00a0\u00a0H\u00fcttigweiler\/Wustweiler<\/p>\n\n\n\n<p><img loading=\"lazy\" width=\"5138\" height=\"2890\" class=\"wp-image-1783\" src=\"http:\/\/www.musikverein-wustweiler.de\/wp-content\/uploads\/2015\/07\/q.jpg\" alt=\"\" style=\"width: 600px;\" srcset=\"http:\/\/www.musikverein-wustweiler.de\/wp-content\/uploads\/2015\/07\/q.jpg 5138w, http:\/\/www.musikverein-wustweiler.de\/wp-content\/uploads\/2015\/07\/q-300x169.jpg 300w, http:\/\/www.musikverein-wustweiler.de\/wp-content\/uploads\/2015\/07\/q-768x432.jpg 768w, http:\/\/www.musikverein-wustweiler.de\/wp-content\/uploads\/2015\/07\/q-1024x576.jpg 1024w, http:\/\/www.musikverein-wustweiler.de\/wp-content\/uploads\/2015\/07\/q-500x281.jpg 500w\" sizes=\"(max-width: 5138px) 100vw, 5138px\" \/><\/p>\n","protected":false},"excerpt":{"rendered":"<p>Liebe Musikfreunde,&nbsp; aufgrund der aktuellen Lage und gem\u00e4\u00df den beh\u00f6rdlichen Anordnungen m\u00fcssen wir schweren Herzens unser geplantes Konzert \u201eZauber der Trompete\u201c (Sonntag, 26. M\u00e4rz in der Illipse Illingen), ersatzlos absagen. Bereits gekaufte Tickets k\u00f6nnen bei der VVK-Stelle, bei der sie &hellip; <a href=\"http:\/\/www.musikverein-wustweiler.de\/?p=2181\">Weiterlesen <span class=\"meta-nav\">&rarr;<\/span><\/a><\/p>\n","protected":false},"author":1,"featured_media":0,"comment_status":"closed","ping_status":"closed","sticky":false,"template":"","format":"standard","meta":[],"categories":[10],"tags":[],"_links":{"self":[{"href":"http:\/\/www.musikverein-wustweiler.de\/index.php?rest_route=\/wp\/v2\/posts\/2181"}],"collection":[{"href":"http:\/\/www.musikverein-wustweiler.de\/index.php?rest_route=\/wp\/v2\/posts"}],"about":[{"href":"http:\/\/www.musikverein-wustweiler.de\/index.php?rest_route=\/wp\/v2\/types\/post"}],"author":[{"embeddable":true,"href":"http:\/\/www.musikverein-wustweiler.de\/index.php?rest_route=\/wp\/v2\/users\/1"}],"replies":[{"embeddable":true,"href":"http:\/\/www.musikverein-wustweiler.de\/index.php?rest_route=%2Fwp%2Fv2%2Fcomments&post=2181"}],"version-history":[{"count":3,"href":"http:\/\/www.musikverein-wustweiler.de\/index.php?rest_route=\/wp\/v2\/posts\/2181\/revisions"}],"predecessor-version":[{"id":2184,"href":"http:\/\/www.musikverein-wustweiler.de\/index.php?rest_route=\/wp\/v2\/posts\/2181\/revisions\/2184"}],"wp:attachment":[{"href":"http:\/\/www.musikverein-wustweiler.de\/index.php?rest_route=%2Fwp%2Fv2%2Fmedia&parent=2181"}],"wp:term":[{"taxonomy":"category","embeddable":true,"href":"http:\/\/www.musikverein-wustweiler.de\/index.php?rest_route=%2Fwp%2Fv2%2Fcategories&post=2181"},{"taxonomy":"post_tag","embeddable":true,"href":"http:\/\/www.musikverein-wustweiler.de\/index.php?rest_route=%2Fwp%2Fv2%2Ftags&post=2181"}],"curies":[{"name":"wp","href":"https:\/\/api.w.org\/{rel}","templated":true}]}}