{"id":1702,"date":"2018-12-08T18:13:41","date_gmt":"2018-12-08T18:13:41","guid":{"rendered":"http:\/\/www.musikverein-wustweiler.de\/?p=1702"},"modified":"2018-12-08T20:07:44","modified_gmt":"2018-12-08T20:07:44","slug":"operetten-zauber-zum-neujahr","status":"publish","type":"post","link":"http:\/\/www.musikverein-wustweiler.de\/?p=1702","title":{"rendered":"Operetten-Zauber zum Neujahr"},"content":{"rendered":"<p>Premiere hei\u00dft es im kommenden Jahr bei der Spielgemeinschaft der Musikvereine H\u00fcttigweiler\/Wustweiler. Erstmals veranstaltet das Orchester ein klassisches Neujahrskonzert. Dieses findet am <strong>Samstag, 26. Januar um 20.00 Uhr im Kulturforum Illipse<\/strong> Illingen statt (Einlass 19.30 Uhr). \u00c4hnlich wie beim weltbekannten Neujahrskonzert der Wiener Philharmoniker werden hierbei besonders Fans von Walzern, Operetten und M\u00e4rschen auf ihre Kosten kommen. Als besonderes Highlight darf die Spielgemeinschaft die beiden Operns\u00e4nger Martina Ondruj (Sopran) und Eddie Wolff (Tenor) begr\u00fc\u00dfen. Sie werden das Orchester bei einigen Titeln mit ihrem einzigartigen Gesang begleiten. Die musikalische Leitung des Konzertes liegt in den H\u00e4nden von Christian Deuschel. Der Solotrompeter am saarl\u00e4ndischen Staatstheater hat das Orchester vor knapp einem halben Jahr \u00fcbernommen und feiert an diesem Abend seine Konzertpremiere\u00a0mit der Spielgemeinschaft H\u00fcttigweiler \/ Wustweiler.<\/p>\n<p><strong>Die Tickets sind ab sofort beim Kulturamt der Gemeinde Illingen, bei allen Ticket Regional-Vorverkaufsstellen und im Internet zum Preis von 13 Euro erh\u00e4ltlich. \u00a0<\/strong><\/p>\n<p>Kleiner Tipp: Die\u00a0Tickets eignen sich auch bestens als Weihnachtsgeschenk f\u00fcr Familie und Freunde.<\/p>\n<div id=\"attachment_1704\" style=\"width: 227px\" class=\"wp-caption alignleft\"><a href=\"http:\/\/www.musikverein-wustweiler.de\/?attachment_id=1704\" rel=\"attachment wp-att-1704\"><img aria-describedby=\"caption-attachment-1704\" loading=\"lazy\" class=\"wp-image-1704 size-medium\" src=\"http:\/\/www.musikverein-wustweiler.de\/wp-content\/uploads\/2018\/12\/Foto-Martina-Ondruj--217x300.jpg\" alt=\"Foto Martina Ondruj\" width=\"217\" height=\"300\" srcset=\"http:\/\/www.musikverein-wustweiler.de\/wp-content\/uploads\/2018\/12\/Foto-Martina-Ondruj--217x300.jpg 217w, http:\/\/www.musikverein-wustweiler.de\/wp-content\/uploads\/2018\/12\/Foto-Martina-Ondruj-.jpg 650w\" sizes=\"(max-width: 217px) 100vw, 217px\" \/><\/a><p id=\"caption-attachment-1704\" class=\"wp-caption-text\">Martina Ondruj (Sopran)<\/p><\/div>\n<div id=\"attachment_1703\" style=\"width: 210px\" class=\"wp-caption alignleft\"><a href=\"http:\/\/www.musikverein-wustweiler.de\/?attachment_id=1703\" rel=\"attachment wp-att-1703\"><img aria-describedby=\"caption-attachment-1703\" loading=\"lazy\" class=\"wp-image-1703 size-medium\" src=\"http:\/\/www.musikverein-wustweiler.de\/wp-content\/uploads\/2018\/12\/Foto-Eddie-Wolff-200x300.jpg\" alt=\"Foto Eddie Wolff\" width=\"200\" height=\"300\" srcset=\"http:\/\/www.musikverein-wustweiler.de\/wp-content\/uploads\/2018\/12\/Foto-Eddie-Wolff-200x300.jpg 200w, http:\/\/www.musikverein-wustweiler.de\/wp-content\/uploads\/2018\/12\/Foto-Eddie-Wolff-768x1152.jpg 768w, http:\/\/www.musikverein-wustweiler.de\/wp-content\/uploads\/2018\/12\/Foto-Eddie-Wolff-683x1024.jpg 683w\" sizes=\"(max-width: 200px) 100vw, 200px\" \/><\/a><p id=\"caption-attachment-1703\" class=\"wp-caption-text\">Eddie Wolff (Tenor)<\/p><\/div>\n<div id=\"attachment_1654\" style=\"width: 210px\" class=\"wp-caption aligncenter\"><a href=\"http:\/\/www.musikverein-wustweiler.de\/?attachment_id=1654\" rel=\"attachment wp-att-1654\"><img aria-describedby=\"caption-attachment-1654\" loading=\"lazy\" class=\"wp-image-1654 size-medium\" src=\"http:\/\/www.musikverein-wustweiler.de\/wp-content\/uploads\/2010\/01\/Deuschel-200x300.jpg\" alt=\"Band \/ Montag (20.11.2017)in Saarbr\u00fccken.\" width=\"200\" height=\"300\" srcset=\"http:\/\/www.musikverein-wustweiler.de\/wp-content\/uploads\/2010\/01\/Deuschel-200x300.jpg 200w, http:\/\/www.musikverein-wustweiler.de\/wp-content\/uploads\/2010\/01\/Deuschel-768x1150.jpg 768w, http:\/\/www.musikverein-wustweiler.de\/wp-content\/uploads\/2010\/01\/Deuschel-684x1024.jpg 684w\" sizes=\"(max-width: 200px) 100vw, 200px\" \/><\/a><p id=\"caption-attachment-1654\" class=\"wp-caption-text\">Dirigent der SG: Christian Deuschel<\/p><\/div>\n<p>&nbsp;<\/p>\n<p style=\"text-align: center;\"><strong><i>Infos zu Martina Ondruj (Sopran):\u00a0<\/i><\/strong><\/p>\n<p style=\"text-align: center;\">Martina Ondruj wurde am 22.2. 1984 in Tschechien geboren.\u00a0Den ersten Gesangsunterricht erhielt sie im Alter von 14 Jahren.\u00a0Von 1999 bis 2005 studierte sie Gesang am Konservatorium in Br\u00fcnn.\u00a0Von 2005 bis 2008 folgte ein Studium f\u00fcr Operngesang an der Janacek Akademie f\u00fcr Musik in Br\u00fcnn.\u00a02004 erreichte Martina Ondruj den 2. Preis bei Bohuslav Martinu Wettbewerb in Prag.\u00a02015 sang sie in der Produktion Peer Gynt am Saarl\u00e4ndischen Staatstheater.\u00a0Gemeinsam mit den Bergkapelle gestaltete Martina Ondruj mehrere Neujahrkonzerte.\u00a0Sie tritt regelm\u00e4\u00dfig als S\u00e4ngerin in Tschechien, Deutschland und Frankreich auf.<\/p>\n<p style=\"text-align: center;\"><em><strong>Infos zu Eddie Wolff (Tenor)<\/strong><\/em><\/p>\n<p style=\"text-align: center;\"><span class=\"Apple-converted-space\">\u00a0<\/span>Der 24-j\u00e4hrige in S\u00e3o Jos\u00e9 dos Campos &#8211; Sao Paulo, Brasilien geborene Tenor Eddie Wolff entdeckte seine Leidenschaft zur Musik 2011 als er dem st\u00e4dtischen Jugendchor S\u00e3o Jos\u00e9 dos Campos beitrat. Hier begann seine musikalische und stimmbildende Ausbildung.<span class=\"Apple-converted-space\">\u00a0<\/span>Einen ersten Bachelor in Gesang absolvierte Eddie im Dezember 2017 am Institut der K\u00fcnste der Staatlichen Universit\u00e4t Sao Paulo (UNESP). Im M\u00e4rz 2018 stieg er in ein Gesangsstudium mit k\u00fcnstlerisch-p\u00e4dagogischem Schwerpunkt bei Frau Prof. Stefanie Krahnenfeld an der Staatlichen Hochschule f\u00fcr Musik und Darstellende Kunst in Mannheim ein.<span class=\"Apple-converted-space\">\u00a0<\/span>Seine ersten Opernerfahrungen sammelte der junge Tenor 2015 und 2016 in kleineren Rollen verschiedener Produktionen am Theatro S\u00e3o Pedro in S\u00e3o Paulo unter musikalischer Leitung von Luiz Fernando Malheiro. Anfang 2016 wurde er in das Opernstudio des Theaters aufgenommen und sang in der Hauptrolle des Alberts in Brittens \u201eAlbert Herring\u201d und als Monsieur Vogelsang in Mozarts \u201eDer Schauspieldirektor\u201d unter musikalischer Leitung von Andre dos Santos.<span class=\"Apple-converted-space\">\u00a0<\/span>Zu den universit\u00e4ren Produktionen, in denen er mitspielte, z\u00e4hlen u.a. Mozarts \u201eDie Zauberfl\u00f6te\u201d als Prinz Tamino und Barbers \u201eA Hand of Bridge\u201d als Bill. Projektleiter dieser Opern war der Dirigent Abel Rocha. Au\u00dferdem war er als Raoul de St. Brioche in Leh\u00e1rs \u201cDie lustige Witwe\u201d mit dem Philarmonischem Orchester S\u00e3o Caetano do Sul zu h\u00f6ren.<span class=\"Apple-converted-space\">\u00a0<\/span>Seinen Weg nach Deutschland hat Eddie im Jahr 2014 \u00fcber die \u201eInternationale Chorakademie L\u00fcbeck e.V.\u201d gefunden. Als einer der auserw\u00e4hlten S\u00e4nger durfte er seither f\u00fcr verschiedene Projekte auf internationale Reise gehen, u.a. nach Korea, China, Brasilien, Polen und Deutschland. 2016 folgte dann die Aufnahme als Stipendiat in die \u201eWeimar Bachakademie\u201d unter der Leitung von Helmuth Rilling. Nach Teilnahme an Bachs \u201eWeihnachtsoratorium\u201c Ende 2017, entschied sich Eddie dazu in Deutschland zu bleiben. Hier war er bereits am Nationaltheater Mannheim im \u201eMannheim Requiem\u201d als Rolle eines Wissenschaftlers zu h\u00f6ren. Nun wird er am Staatstheater Darmstadt in der Spielzeit 18\/19 in Monteverdis \u201eL\u2019Orfeo\u201d mitsingen.<span class=\"Apple-converted-space\">\u00a0<\/span><\/p>\n<h4><span style=\"text-decoration: underline;\"><strong>Weihnachtsblasen 2018 in Wustweiler<\/strong><\/span><\/h4>\n<p>Noch ein Hinweis in eigener Sache: Die Wustweiler Musiker veranstalten auch in diesem Jahr wieder das &#8222;Weihnachtsblasen&#8220; am Nachmittag des Heiligen Abend. Zwischen 13 Uhr und 16.00 Uhr sind die Musiker\/innen wieder im Ort unterwegs. Die Bev\u00f6lkerung ist bereits jetzt herzlich eingeladen. Die genauen Spielzeiten und Standorte werden in den kommenden Wochen ver\u00f6ffentlicht.<\/p>\n","protected":false},"excerpt":{"rendered":"<p>Premiere hei\u00dft es im kommenden Jahr bei der Spielgemeinschaft der Musikvereine H\u00fcttigweiler\/Wustweiler. Erstmals veranstaltet das Orchester ein klassisches Neujahrskonzert. Dieses findet am Samstag, 26. Januar um 20.00 Uhr im Kulturforum Illipse Illingen statt (Einlass 19.30 Uhr). \u00c4hnlich wie beim weltbekannten &hellip; <a href=\"http:\/\/www.musikverein-wustweiler.de\/?p=1702\">Weiterlesen <span class=\"meta-nav\">&rarr;<\/span><\/a><\/p>\n","protected":false},"author":1,"featured_media":0,"comment_status":"closed","ping_status":"closed","sticky":false,"template":"","format":"standard","meta":[],"categories":[13,5,10],"tags":[],"_links":{"self":[{"href":"http:\/\/www.musikverein-wustweiler.de\/index.php?rest_route=\/wp\/v2\/posts\/1702"}],"collection":[{"href":"http:\/\/www.musikverein-wustweiler.de\/index.php?rest_route=\/wp\/v2\/posts"}],"about":[{"href":"http:\/\/www.musikverein-wustweiler.de\/index.php?rest_route=\/wp\/v2\/types\/post"}],"author":[{"embeddable":true,"href":"http:\/\/www.musikverein-wustweiler.de\/index.php?rest_route=\/wp\/v2\/users\/1"}],"replies":[{"embeddable":true,"href":"http:\/\/www.musikverein-wustweiler.de\/index.php?rest_route=%2Fwp%2Fv2%2Fcomments&post=1702"}],"version-history":[{"count":4,"href":"http:\/\/www.musikverein-wustweiler.de\/index.php?rest_route=\/wp\/v2\/posts\/1702\/revisions"}],"predecessor-version":[{"id":1708,"href":"http:\/\/www.musikverein-wustweiler.de\/index.php?rest_route=\/wp\/v2\/posts\/1702\/revisions\/1708"}],"wp:attachment":[{"href":"http:\/\/www.musikverein-wustweiler.de\/index.php?rest_route=%2Fwp%2Fv2%2Fmedia&parent=1702"}],"wp:term":[{"taxonomy":"category","embeddable":true,"href":"http:\/\/www.musikverein-wustweiler.de\/index.php?rest_route=%2Fwp%2Fv2%2Fcategories&post=1702"},{"taxonomy":"post_tag","embeddable":true,"href":"http:\/\/www.musikverein-wustweiler.de\/index.php?rest_route=%2Fwp%2Fv2%2Ftags&post=1702"}],"curies":[{"name":"wp","href":"https:\/\/api.w.org\/{rel}","templated":true}]}}