{"id":16,"date":"2009-02-02T08:00:19","date_gmt":"2009-02-02T06:00:19","guid":{"rendered":"http:\/\/neu.musikverein-wustweiler.de\/?p=16"},"modified":"2009-02-02T08:00:19","modified_gmt":"2009-02-02T06:00:19","slug":"neujahrskonzert-2009-der-ruckblick","status":"publish","type":"post","link":"http:\/\/www.musikverein-wustweiler.de\/?p=16","title":{"rendered":"Neujahrskonzert 2009 &#8211; Der R\u00fcckblick"},"content":{"rendered":"<p style=\"text-align: justify;\">Eine prall gef\u00fcllte Seelbachhalle, viel Applaus und zwei Zugaben: Der erste Leckerbissen im Jubil\u00e4umsjahr 2009 ist pass\u00e9, das Neujahrskonzert war ein voller Erfolg. Mit flotten Musikst\u00fccken zu Beginn und hochwertigen Musical Arrangements verzauberten die Musiker ihr Publikum und lie\u00dfen das neue Jahr 2009 musikalisch beginnen. Unser erster Vorsitzender Bruno Klein nutzte diesen Abend um treue Mitglieder und Musiker zu ehren. F\u00fcr f\u00f6rdernde Mitgliedschaft wurden Herrn Willi Bund (50 Jahre) und Herrn Hans Schirra (60 Jahre) Urkunden \u00fcberreicht. F\u00fcr unseren Tubisten Michael Kuhn gab es vom Bund Saarl\u00e4ndischer Musikvereine die silberne Ehrennadel f\u00fcr 25 Jahre aktives Musizieren. Zu guter Letzt war es allen Musikern und Musikerinnen eine Ehre, das treue Mitglied Ferdinand Kuhn f\u00fcr 40 Jahre Vorstandsarbeit zu ehren. Ohne solche engagierte Musikfreunde w\u00e4ren neunzig Jahre Musikverein undenkbar, daher ein herzliches Dankesch\u00f6n an alle, die in der langen Zeit von 1919 bis 2009 fast ein Jahrhundert lang den Musikverein am Leben hielten!<!--more--><br \/>\nUm diese lange Zeit geb\u00fchrend zu feiern veranstaltet der Musikverein zusammen mit den Freunden aus H\u00fcttigweiler ein Galakonzert in der Illipse Illingen. Das &#8222;Projektorchester Ill Wind&#8220; bietet den Zuh\u00f6rern am Samstag, dem 09. Mai 2009 ein hochwertiges Programm, bestehend aus den verschiedensten Facetten der konzertanten Blasmusik.<br \/>\nMitte September wird der Musikverein ein eint\u00e4giges Oktoberfest in der Seelbachhalle veranstalten, bei welchem gleicherma\u00dfen f\u00fcr tolle Blasmusik, als auch f\u00fcr das leibliche Wohl der Besucher bestens gesorgt wird.<br \/>\nIm Dezember l\u00e4sst der Musikverein sein Jubil\u00e4umsjahr mit einem letzten musikalischen H\u00f6hepunkt ausklingen. Zusammen mit dem Kirchenchor &#8222;St. C\u00e4cilia&#8220; bieten die Musiker in der Pfarrkirche &#8222;Herz-Jesu&#8220; ein Festakt sakraler Musik. Merken Sie sich die Termine vor und feiern Sie mit den Musikern und Musikerinnen: <strong>Neunzig Jahre Musikverein Wustweiler!<\/strong><\/p>\n","protected":false},"excerpt":{"rendered":"<p>Eine prall gef\u00fcllte Seelbachhalle, viel Applaus und zwei Zugaben: Der erste Leckerbissen im Jubil\u00e4umsjahr 2009 ist pass\u00e9, das Neujahrskonzert war ein voller Erfolg. Mit flotten Musikst\u00fccken zu Beginn und hochwertigen Musical Arrangements verzauberten die Musiker ihr Publikum und lie\u00dfen das &hellip; <a href=\"http:\/\/www.musikverein-wustweiler.de\/?p=16\">Weiterlesen <span class=\"meta-nav\">&rarr;<\/span><\/a><\/p>\n","protected":false},"author":1,"featured_media":0,"comment_status":"open","ping_status":"closed","sticky":false,"template":"","format":"standard","meta":[],"categories":[5,7],"tags":[],"_links":{"self":[{"href":"http:\/\/www.musikverein-wustweiler.de\/index.php?rest_route=\/wp\/v2\/posts\/16"}],"collection":[{"href":"http:\/\/www.musikverein-wustweiler.de\/index.php?rest_route=\/wp\/v2\/posts"}],"about":[{"href":"http:\/\/www.musikverein-wustweiler.de\/index.php?rest_route=\/wp\/v2\/types\/post"}],"author":[{"embeddable":true,"href":"http:\/\/www.musikverein-wustweiler.de\/index.php?rest_route=\/wp\/v2\/users\/1"}],"replies":[{"embeddable":true,"href":"http:\/\/www.musikverein-wustweiler.de\/index.php?rest_route=%2Fwp%2Fv2%2Fcomments&post=16"}],"version-history":[{"count":0,"href":"http:\/\/www.musikverein-wustweiler.de\/index.php?rest_route=\/wp\/v2\/posts\/16\/revisions"}],"wp:attachment":[{"href":"http:\/\/www.musikverein-wustweiler.de\/index.php?rest_route=%2Fwp%2Fv2%2Fmedia&parent=16"}],"wp:term":[{"taxonomy":"category","embeddable":true,"href":"http:\/\/www.musikverein-wustweiler.de\/index.php?rest_route=%2Fwp%2Fv2%2Fcategories&post=16"},{"taxonomy":"post_tag","embeddable":true,"href":"http:\/\/www.musikverein-wustweiler.de\/index.php?rest_route=%2Fwp%2Fv2%2Ftags&post=16"}],"curies":[{"name":"wp","href":"https:\/\/api.w.org\/{rel}","templated":true}]}}