{"id":1465,"date":"2017-04-24T22:31:40","date_gmt":"2017-04-24T22:31:40","guid":{"rendered":"http:\/\/www.musikverein-wustweiler.de\/?p=1465"},"modified":"2017-04-24T22:31:40","modified_gmt":"2017-04-24T22:31:40","slug":"der-countdown-zur-vino-e-musica-laeuft","status":"publish","type":"post","link":"http:\/\/www.musikverein-wustweiler.de\/?p=1465","title":{"rendered":"Der Countdown zur &#8222;vino e musica&#8220; l\u00e4uft."},"content":{"rendered":"<p>Jetzt letzte Chance um sich H\u00f6rertickets f\u00fcr die \u201evino e musica\u201c zu sichern!<\/p>\n<p>Monate lang wurde organisiert, getextet, verkostet und nat\u00fcrlich auch geprobt. In wenigen Tagen ist es endlich soweit. Am Samstag, 29. April findet die zweite Auflage der \u201evino e musica \u2013 eine musikalische Weinreise f\u00fcr alle Sinne\u201c der Spielgemeinschaft der Musikvereine H\u00fcttigweiler\/Wustweiler in Zusammenarbeit mit der Gemeinde Illingen statt. In diesem Jahr f\u00fchrt die Weinreise unter dem Motto \u201eVive la France\u201c in unser Nachbarland Frankreich. Musik, Literatur, Weine und kulinarische K\u00f6stlichkeiten sowie Bilder und Videos aus verschiedenen Weinregionen sind dabei die Zutaten. Informationen zu den Weinen, der richtigen Verkostung der Weine sowie den Weing\u00fctern liefern Thomas Rosch, bekannt von SR 1 Europawelle, und Dirk Himbert, IHK gepr\u00fcfter Sommelier. Texte und Gedichte aus den Weinregionen pr\u00e4sentiert Thomas Kuhn. Die passende Musik serviert die Spielgemeinschaft der Musikvereine H\u00fcttigweiler\/Wustweiler.\u00a0Um sich den musikalisch \u201eletzten Schliff\u201c zu nehmen fuhr das \u00fcber 40 Musiker gro\u00dfe Orchester extra f\u00fcr drei Tage in ein Probeseminar nach\u00a0Trier.<\/p>\n<p><img loading=\"lazy\" class=\"alignleft wp-image-1466 size-large\" src=\"http:\/\/www.musikverein-wustweiler.de\/wp-content\/uploads\/2017\/04\/Satzprobe-Holzblasinstrumente-1024x694.jpg\" alt=\"Satzprobe Holzblasinstrumente\" width=\"584\" height=\"396\" srcset=\"http:\/\/www.musikverein-wustweiler.de\/wp-content\/uploads\/2017\/04\/Satzprobe-Holzblasinstrumente-1024x694.jpg 1024w, http:\/\/www.musikverein-wustweiler.de\/wp-content\/uploads\/2017\/04\/Satzprobe-Holzblasinstrumente-300x203.jpg 300w, http:\/\/www.musikverein-wustweiler.de\/wp-content\/uploads\/2017\/04\/Satzprobe-Holzblasinstrumente-768x521.jpg 768w, http:\/\/www.musikverein-wustweiler.de\/wp-content\/uploads\/2017\/04\/Satzprobe-Holzblasinstrumente-443x300.jpg 443w\" sizes=\"(max-width: 584px) 100vw, 584px\" \/><\/p>\n<p>In Satz- und Gemeinschaftsproben wurden die Werke der \u201evino\u201c mit Dirigent Dr. Markus K\u00fchn und Blechdozent Heinz Keller optimiert.<a href=\"http:\/\/www.musikverein-wustweiler.de\/?attachment_id=1467\" rel=\"attachment wp-att-1467\"><img loading=\"lazy\" class=\"alignleft wp-image-1467 size-large\" src=\"http:\/\/www.musikverein-wustweiler.de\/wp-content\/uploads\/2017\/04\/Satzprobe-Blechblasinstrumente-1024x632.jpg\" alt=\"Satzprobe Blechblasinstrumente\" width=\"584\" height=\"360\" srcset=\"http:\/\/www.musikverein-wustweiler.de\/wp-content\/uploads\/2017\/04\/Satzprobe-Blechblasinstrumente-1024x632.jpg 1024w, http:\/\/www.musikverein-wustweiler.de\/wp-content\/uploads\/2017\/04\/Satzprobe-Blechblasinstrumente-300x185.jpg 300w, http:\/\/www.musikverein-wustweiler.de\/wp-content\/uploads\/2017\/04\/Satzprobe-Blechblasinstrumente-768x474.jpg 768w, http:\/\/www.musikverein-wustweiler.de\/wp-content\/uploads\/2017\/04\/Satzprobe-Blechblasinstrumente-486x300.jpg 486w\" sizes=\"(max-width: 584px) 100vw, 584px\" \/><\/a><\/p>\n<p>Vom K\u00f6nnen der Musiker, dem Geschmack der Weine und den K\u00f6stlichkeiten sowie bester franz\u00f6sischer Literatur k\u00f6nnen sich die Besucher am kommenden Wochenende selbst \u00fcberzeugen.<\/p>\n<p>Die Tickets f\u00fcr die Weinprobe sind bereits ausverkauft. H\u00f6rertickets, speziell f\u00fcr alle Musikliebhaber sind noch bis Freitag zum Preis von 11 Euro beim Kulturamt der Gemeinde Illingen erh\u00e4ltlich.<\/p>\n<p><a href=\"http:\/\/www.musikverein-wustweiler.de\/?attachment_id=1473\" rel=\"attachment wp-att-1473\"><img loading=\"lazy\" class=\"aligncenter wp-image-1473 size-full\" src=\"http:\/\/www.musikverein-wustweiler.de\/wp-content\/uploads\/2017\/04\/1.jpg\" alt=\"1\" width=\"436\" height=\"612\" srcset=\"http:\/\/www.musikverein-wustweiler.de\/wp-content\/uploads\/2017\/04\/1.jpg 436w, http:\/\/www.musikverein-wustweiler.de\/wp-content\/uploads\/2017\/04\/1-214x300.jpg 214w\" sizes=\"(max-width: 436px) 100vw, 436px\" \/><\/a><a href=\"http:\/\/www.musikverein-wustweiler.de\/?attachment_id=1476\" rel=\"attachment wp-att-1476\"><img loading=\"lazy\" class=\"wp-image-1476 size-full aligncenter\" src=\"http:\/\/www.musikverein-wustweiler.de\/wp-content\/uploads\/2017\/04\/2.jpg\" alt=\"2\" width=\"436\" height=\"612\" srcset=\"http:\/\/www.musikverein-wustweiler.de\/wp-content\/uploads\/2017\/04\/2.jpg 436w, http:\/\/www.musikverein-wustweiler.de\/wp-content\/uploads\/2017\/04\/2-214x300.jpg 214w\" sizes=\"(max-width: 436px) 100vw, 436px\" \/><\/a><\/p>\n<p><a href=\"http:\/\/www.musikverein-wustweiler.de\/?attachment_id=1472\" rel=\"attachment wp-att-1472\"><img loading=\"lazy\" class=\"wp-image-1472 size-full aligncenter\" src=\"http:\/\/www.musikverein-wustweiler.de\/wp-content\/uploads\/2017\/04\/3.jpg\" alt=\"3\" width=\"436\" height=\"612\" srcset=\"http:\/\/www.musikverein-wustweiler.de\/wp-content\/uploads\/2017\/04\/3.jpg 436w, http:\/\/www.musikverein-wustweiler.de\/wp-content\/uploads\/2017\/04\/3-214x300.jpg 214w\" sizes=\"(max-width: 436px) 100vw, 436px\" \/><\/a><\/p>\n<p><a href=\"http:\/\/www.musikverein-wustweiler.de\/?attachment_id=1471\" rel=\"attachment wp-att-1471\"><img loading=\"lazy\" class=\"aligncenter wp-image-1471 size-full\" src=\"http:\/\/www.musikverein-wustweiler.de\/wp-content\/uploads\/2017\/04\/4.jpg\" alt=\"4\" width=\"436\" height=\"612\" srcset=\"http:\/\/www.musikverein-wustweiler.de\/wp-content\/uploads\/2017\/04\/4.jpg 436w, http:\/\/www.musikverein-wustweiler.de\/wp-content\/uploads\/2017\/04\/4-214x300.jpg 214w\" sizes=\"(max-width: 436px) 100vw, 436px\" \/><\/a><a href=\"http:\/\/www.musikverein-wustweiler.de\/?attachment_id=1470\" rel=\"attachment wp-att-1470\"><img loading=\"lazy\" class=\"wp-image-1470 size-full aligncenter\" src=\"http:\/\/www.musikverein-wustweiler.de\/wp-content\/uploads\/2017\/04\/5.jpg\" alt=\"5\" width=\"436\" height=\"612\" srcset=\"http:\/\/www.musikverein-wustweiler.de\/wp-content\/uploads\/2017\/04\/5.jpg 436w, http:\/\/www.musikverein-wustweiler.de\/wp-content\/uploads\/2017\/04\/5-214x300.jpg 214w\" sizes=\"(max-width: 436px) 100vw, 436px\" \/><\/a><a href=\"http:\/\/www.musikverein-wustweiler.de\/?attachment_id=1469\" rel=\"attachment wp-att-1469\"><img loading=\"lazy\" class=\"wp-image-1469 size-full aligncenter\" src=\"http:\/\/www.musikverein-wustweiler.de\/wp-content\/uploads\/2017\/04\/6.jpg\" alt=\"6\" width=\"436\" height=\"612\" srcset=\"http:\/\/www.musikverein-wustweiler.de\/wp-content\/uploads\/2017\/04\/6.jpg 436w, http:\/\/www.musikverein-wustweiler.de\/wp-content\/uploads\/2017\/04\/6-214x300.jpg 214w\" sizes=\"(max-width: 436px) 100vw, 436px\" \/><\/a><\/p>\n<p><a href=\"http:\/\/www.musikverein-wustweiler.de\/?attachment_id=1468\" rel=\"attachment wp-att-1468\"><img loading=\"lazy\" class=\"aligncenter wp-image-1468 size-full\" src=\"http:\/\/www.musikverein-wustweiler.de\/wp-content\/uploads\/2017\/04\/7.jpg\" alt=\"7\" width=\"436\" height=\"612\" srcset=\"http:\/\/www.musikverein-wustweiler.de\/wp-content\/uploads\/2017\/04\/7.jpg 436w, http:\/\/www.musikverein-wustweiler.de\/wp-content\/uploads\/2017\/04\/7-214x300.jpg 214w\" sizes=\"(max-width: 436px) 100vw, 436px\" \/><\/a><\/p>\n<p>&nbsp;<\/p>\n","protected":false},"excerpt":{"rendered":"<p>Jetzt letzte Chance um sich H\u00f6rertickets f\u00fcr die \u201evino e musica\u201c zu sichern! Monate lang wurde organisiert, getextet, verkostet und nat\u00fcrlich auch geprobt. In wenigen Tagen ist es endlich soweit. Am Samstag, 29. April findet die zweite Auflage der \u201evino &hellip; <a href=\"http:\/\/www.musikverein-wustweiler.de\/?p=1465\">Weiterlesen <span class=\"meta-nav\">&rarr;<\/span><\/a><\/p>\n","protected":false},"author":1,"featured_media":0,"comment_status":"closed","ping_status":"closed","sticky":false,"template":"","format":"standard","meta":[],"categories":[13,5,10],"tags":[56,20],"_links":{"self":[{"href":"http:\/\/www.musikverein-wustweiler.de\/index.php?rest_route=\/wp\/v2\/posts\/1465"}],"collection":[{"href":"http:\/\/www.musikverein-wustweiler.de\/index.php?rest_route=\/wp\/v2\/posts"}],"about":[{"href":"http:\/\/www.musikverein-wustweiler.de\/index.php?rest_route=\/wp\/v2\/types\/post"}],"author":[{"embeddable":true,"href":"http:\/\/www.musikverein-wustweiler.de\/index.php?rest_route=\/wp\/v2\/users\/1"}],"replies":[{"embeddable":true,"href":"http:\/\/www.musikverein-wustweiler.de\/index.php?rest_route=%2Fwp%2Fv2%2Fcomments&post=1465"}],"version-history":[{"count":8,"href":"http:\/\/www.musikverein-wustweiler.de\/index.php?rest_route=\/wp\/v2\/posts\/1465\/revisions"}],"predecessor-version":[{"id":1482,"href":"http:\/\/www.musikverein-wustweiler.de\/index.php?rest_route=\/wp\/v2\/posts\/1465\/revisions\/1482"}],"wp:attachment":[{"href":"http:\/\/www.musikverein-wustweiler.de\/index.php?rest_route=%2Fwp%2Fv2%2Fmedia&parent=1465"}],"wp:term":[{"taxonomy":"category","embeddable":true,"href":"http:\/\/www.musikverein-wustweiler.de\/index.php?rest_route=%2Fwp%2Fv2%2Fcategories&post=1465"},{"taxonomy":"post_tag","embeddable":true,"href":"http:\/\/www.musikverein-wustweiler.de\/index.php?rest_route=%2Fwp%2Fv2%2Ftags&post=1465"}],"curies":[{"name":"wp","href":"https:\/\/api.w.org\/{rel}","templated":true}]}}