{"id":1121,"date":"2015-11-08T20:47:29","date_gmt":"2015-11-08T20:47:29","guid":{"rendered":"http:\/\/musikverein-wustweiler.de\/?p=1121"},"modified":"2015-11-08T20:51:00","modified_gmt":"2015-11-08T20:51:00","slug":"die-zukunft-im-blick","status":"publish","type":"post","link":"http:\/\/www.musikverein-wustweiler.de\/?p=1121","title":{"rendered":"Die Zukunft im Blick"},"content":{"rendered":"<p><strong>Musikverein Wustweiler e.V. ist gut aufgestellt f\u00fcr kommende Herausforderungen.<\/strong><\/p>\n<p>Fast zwei Jahre war es her, dass der Musikverein Wustweiler sein letztes Konzert gespielt hatte. Im November 2013 fand die \u201evino e musica\u201c in der Illipse statt. Seither ist viel passiert. Der Verein und die Musiker haben sich weiterentwickelt. Zwei Dirigentenwechsel in dieser Zeit haben das Orchester gepr\u00e4gt. Mit dem neuen Dirigent\u00a0Dr. Markus K\u00fchn veranstaltete der Verein im Juli diesen Jahres in der voll besetzten Seelbachhalle wieder ein Konzert.<\/p>\n<p><a href=\"http:\/\/musikverein-wustweiler.de\/wp-content\/uploads\/2015\/11\/Sommerkonzert-Juli-2015-10.jpg\"><img loading=\"lazy\" class=\"size-medium wp-image-1131 aligncenter\" src=\"http:\/\/musikverein-wustweiler.de\/wp-content\/uploads\/2015\/11\/Sommerkonzert-Juli-2015-9-300x200.jpg\" alt=\"Sommerkonzert Juli 2015 (9)\" width=\"300\" height=\"200\" srcset=\"http:\/\/www.musikverein-wustweiler.de\/wp-content\/uploads\/2015\/11\/Sommerkonzert-Juli-2015-9-300x200.jpg 300w, http:\/\/www.musikverein-wustweiler.de\/wp-content\/uploads\/2015\/11\/Sommerkonzert-Juli-2015-9-1024x684.jpg 1024w\" sizes=\"(max-width: 300px) 100vw, 300px\" \/><img loading=\"lazy\" class=\"size-medium wp-image-1132 aligncenter\" src=\"http:\/\/musikverein-wustweiler.de\/wp-content\/uploads\/2015\/11\/Sommerkonzert-Juli-2015-10-300x258.jpg\" alt=\"Sommerkonzert Juli 2015 (10)\" width=\"300\" height=\"258\" srcset=\"http:\/\/www.musikverein-wustweiler.de\/wp-content\/uploads\/2015\/11\/Sommerkonzert-Juli-2015-10-300x258.jpg 300w, http:\/\/www.musikverein-wustweiler.de\/wp-content\/uploads\/2015\/11\/Sommerkonzert-Juli-2015-10-1024x879.jpg 1024w\" sizes=\"(max-width: 300px) 100vw, 300px\" \/><\/a> <a href=\"http:\/\/musikverein-wustweiler.de\/wp-content\/uploads\/2015\/11\/Sommerkonzert-Juli-2015-8.jpg\"><img loading=\"lazy\" class=\"size-medium wp-image-1130 aligncenter\" src=\"http:\/\/musikverein-wustweiler.de\/wp-content\/uploads\/2015\/11\/Sommerkonzert-Juli-2015-8-300x200.jpg\" alt=\"Sommerkonzert Juli 2015 (8)\" width=\"300\" height=\"200\" srcset=\"http:\/\/www.musikverein-wustweiler.de\/wp-content\/uploads\/2015\/11\/Sommerkonzert-Juli-2015-8-300x200.jpg 300w, http:\/\/www.musikverein-wustweiler.de\/wp-content\/uploads\/2015\/11\/Sommerkonzert-Juli-2015-8-1024x683.jpg 1024w\" sizes=\"(max-width: 300px) 100vw, 300px\" \/><\/a> <img loading=\"lazy\" class=\"size-medium wp-image-1133 aligncenter\" src=\"http:\/\/musikverein-wustweiler.de\/wp-content\/uploads\/2015\/11\/Sommerkonzert-Juli-2015-1-300x158.jpg\" alt=\"Sommerkonzert Juli 2015 (1)\" width=\"300\" height=\"158\" srcset=\"http:\/\/www.musikverein-wustweiler.de\/wp-content\/uploads\/2015\/11\/Sommerkonzert-Juli-2015-1-300x158.jpg 300w, http:\/\/www.musikverein-wustweiler.de\/wp-content\/uploads\/2015\/11\/Sommerkonzert-Juli-2015-1-1024x540.jpg 1024w\" sizes=\"(max-width: 300px) 100vw, 300px\" \/><\/p>\n<p>&nbsp;<\/p>\n<p><img loading=\"lazy\" class=\"size-medium wp-image-1129 aligncenter\" src=\"http:\/\/musikverein-wustweiler.de\/wp-content\/uploads\/2015\/11\/Sommerkonzert-Juli-2015-4-300x200.jpg\" alt=\"Sommerkonzert Juli 2015 (4)\" width=\"300\" height=\"200\" srcset=\"http:\/\/www.musikverein-wustweiler.de\/wp-content\/uploads\/2015\/11\/Sommerkonzert-Juli-2015-4-300x200.jpg 300w, http:\/\/www.musikverein-wustweiler.de\/wp-content\/uploads\/2015\/11\/Sommerkonzert-Juli-2015-4-1024x683.jpg 1024w\" sizes=\"(max-width: 300px) 100vw, 300px\" \/><\/p>\n<p>Im Rahmen des Konzertes wurden folgende verdiente Mitglieder des Musikverein Wustweiler vom Verein bzw. vom Bund Saarl\u00e4ndischer Musikvereine (BSM), vertreten durch Klaus Klein, geehrt:<\/p>\n<p>Aktive Mitglieder:<\/p>\n<p>Kleer Daniela und Marx Dominik f\u00fcr 25 Jahre (BSM), \u00a0Koch Thorsten f\u00fcr 15 Jahre (BSM),\u00a0Kuhn Patrick f\u00fcr 30 Jahre,\u00a0M\u00f6ller Karola f\u00fcr 10 Jahre und\u00a0Woll Heike f\u00fcr 20 Jahre aktive Mitgliedschaft.<\/p>\n<p>F\u00f6rdernde Mitglieder:<\/p>\n<p>Joh\u00e4nntgen Paul f\u00fcr 40 Jahre und\u00a0Woll Franz-Rudolf f\u00fcr 25 Jahre f\u00f6rdernde Mitgliedschaft.<\/p>\n<p>Mitgestaltet wurde der Abend vom Orchester des Musikverein H\u00fcttigweiler unter Leitung von Martin Kreutzer. Der befreundete Verein aus dem Nachbarort spielte in der ersten Konzerth\u00e4lfte auf. Beim letzten Musiktitel des Konzertabends konnten die Besucher etwas ganz besonderes sehen und h\u00f6ren. Beide Orchester musizierten als gro\u00dfer Klangk\u00f6rper gemeinsam. Diesen imposanten Sound wird es in Zukunft \u00f6fters zu h\u00f6ren geben. Denn im Anschluss verk\u00fcndeten beide Vereine, dass die musikalische Zukunft gemeinsam gestaltet werden soll.<\/p>\n<p>&nbsp;<\/p>\n<p>&nbsp;<\/p>\n<p>&nbsp;<\/p>\n<p>&nbsp;<\/p>\n<p>&nbsp;<\/p>\n<p>&nbsp;<\/p>\n<p>&nbsp;<\/p>\n<p>&nbsp;<\/p>\n<p>&nbsp;<\/p>\n<p>&nbsp;<\/p>\n<p>&nbsp;<\/p>\n<p>&nbsp;<\/p>\n<p><strong>SPIELGEMEINSCHAFT H\u00dcTTIGWEILER \/ WUSTWEILER<\/strong><\/p>\n<p>Um beide Vereine f\u00fcr kommende Herausforderungen gut aufzustellen, wird die musikalische Arbeit zusammengelegt.<\/p>\n<p>\u201eDurch die Kooperation wird sichergestellt, dass wir auch in Zukunft weiterhin unseren Musikfans eine hohe musikalische Qualit\u00e4t bieten k\u00f6nnen. Auch k\u00f6nnen wir so neue Projekte angehen, die ein einzelnes Orchester nicht mehr leisten k\u00f6nnte\u201c, hei\u00dft es aus den Vereinen. Der demografische Wandel und die immer schwierigere Situation vieler Musiker, die aus beruflichen Gr\u00fcnden das zeitintensive Hobby Musik hinten anstellen m\u00fcssen, zeigen auch bei den Musikvereinen erste Auswirkungen.<\/p>\n<p>Mit der Spielgemeinschaft unter Leitung von Dr. Markus K\u00fchn soll dem entgegen gearbeitet werden. Geprobt wird abwechselnd in H\u00fcttigweiler und Wustweiler. Alle Auftritte werden gemeinsam gespielt. Beiden Vereinen ist es dabei wichtig, dass traditionelle Auftritte wie Sankt Martin oder der Volkstrauertag auch in beiden Ortsteilen weiter gespielt werden.<\/p>\n<p>\u201eEs bedarf nat\u00fcrlich einer gro\u00dfen Koordination, damit wir auch weiterhin in beiden Orten Pr\u00e4senz zeigen, aber die Chancen, die diese musikalische Zusammenarbeit bietet, \u00fcberwiegen einfach\u201c, beschreibt Kevin D\u00f6rr aus dem Vorstandsteam von Wustweiler die Situation der Vereine. Dies hat wohl auch die Musikerinnen und Musiker beider Orchester \u00fcberzeugt, die sich in einer internen Abstimmung f\u00fcr die Spielgemeinschaft ausgesprochen hatten.<\/p>\n<p>Zuk\u00fcnftig treten die beiden Orchester unter dem Namen \u201eSpielgemeinschaft H\u00fcttigweiler \/ Wustweiler\u201c auf. Wichtig dabei ist, dass die Vereine als eigenst\u00e4ndige Vereine erhalten bleiben. Sowohl die Vorstandsarbeit als auch die Jugendarbeit bleibt in jedem Verein selbstst\u00e4ndig. Terminabsprachen und Entscheidungen des gro\u00dfen neuen Orchesters werden gemeinsam entschieden. Beim Dorffest in Hirzweiler und der SR 3 Landpartie auf dem Zeisweiler Hof in H\u00fcttigweiler hat die Spielgemeinschaft bereits die ersten Auftritte gemeistert. Weitere Auftritte folgen in den kommenden Wochen.<\/p>\n<p><strong>KANUTOUR DER JUGEND<\/strong><\/p>\n<p>Auch die Jugend des Musikvereins Wustweiler war in den vergangenen Wochen auf Achse. Ende September stand eine Kanutour auf dem Programm. Im Rahmen einer Tagestour wurde von Ediger-Eller bis Ernst\u00a0auf der Mosel gepaddelt. Im Anschluss wurde im Proberaum in Wustweiler gegrillt.<br \/>\n<a href=\"http:\/\/musikverein-wustweiler.de\/wp-content\/uploads\/2015\/11\/IMG_1143.jpg\"><img loading=\"lazy\" class=\"alignleft size-medium wp-image-1123\" src=\"http:\/\/musikverein-wustweiler.de\/wp-content\/uploads\/2015\/11\/IMG_1143-300x225.jpg\" alt=\"IMG_1143\" width=\"300\" height=\"225\" srcset=\"http:\/\/www.musikverein-wustweiler.de\/wp-content\/uploads\/2015\/11\/IMG_1143-300x225.jpg 300w, http:\/\/www.musikverein-wustweiler.de\/wp-content\/uploads\/2015\/11\/IMG_1143-1024x768.jpg 1024w, http:\/\/www.musikverein-wustweiler.de\/wp-content\/uploads\/2015\/11\/IMG_1143.jpg 2048w\" sizes=\"(max-width: 300px) 100vw, 300px\" \/><\/a><a href=\"http:\/\/musikverein-wustweiler.de\/wp-content\/uploads\/2015\/11\/IMG_1132.jpg\"><img loading=\"lazy\" class=\"alignleft size-medium wp-image-1125\" src=\"http:\/\/musikverein-wustweiler.de\/wp-content\/uploads\/2015\/11\/IMG_1132-300x225.jpg\" alt=\"IMG_1132\" width=\"300\" height=\"225\" srcset=\"http:\/\/www.musikverein-wustweiler.de\/wp-content\/uploads\/2015\/11\/IMG_1132-300x225.jpg 300w, http:\/\/www.musikverein-wustweiler.de\/wp-content\/uploads\/2015\/11\/IMG_1132-1024x768.jpg 1024w, http:\/\/www.musikverein-wustweiler.de\/wp-content\/uploads\/2015\/11\/IMG_1132.jpg 2048w\" sizes=\"(max-width: 300px) 100vw, 300px\" \/><\/a> <a href=\"http:\/\/musikverein-wustweiler.de\/wp-content\/uploads\/2015\/11\/IMG_1140.jpg\"><img loading=\"lazy\" class=\"alignleft size-medium wp-image-1128\" src=\"http:\/\/musikverein-wustweiler.de\/wp-content\/uploads\/2015\/11\/IMG_1140-300x225.jpg\" alt=\"IMG_1140\" width=\"300\" height=\"225\" srcset=\"http:\/\/www.musikverein-wustweiler.de\/wp-content\/uploads\/2015\/11\/IMG_1140-300x225.jpg 300w, http:\/\/www.musikverein-wustweiler.de\/wp-content\/uploads\/2015\/11\/IMG_1140-1024x768.jpg 1024w, http:\/\/www.musikverein-wustweiler.de\/wp-content\/uploads\/2015\/11\/IMG_1140.jpg 2048w\" sizes=\"(max-width: 300px) 100vw, 300px\" \/><\/a><\/p>\n<p>&nbsp;<\/p>\n<p>&nbsp;<\/p>\n<p>&nbsp;<\/p>\n<p><img loading=\"lazy\" class=\"alignleft size-medium wp-image-1122\" src=\"http:\/\/musikverein-wustweiler.de\/wp-content\/uploads\/2015\/11\/IMG_1138-300x225.jpg\" alt=\"IMG_1138\" width=\"300\" height=\"225\" srcset=\"http:\/\/www.musikverein-wustweiler.de\/wp-content\/uploads\/2015\/11\/IMG_1138-300x225.jpg 300w, http:\/\/www.musikverein-wustweiler.de\/wp-content\/uploads\/2015\/11\/IMG_1138-1024x768.jpg 1024w, http:\/\/www.musikverein-wustweiler.de\/wp-content\/uploads\/2015\/11\/IMG_1138.jpg 2048w\" sizes=\"(max-width: 300px) 100vw, 300px\" \/><\/p>\n<p>&nbsp;<\/p>\n<p>&nbsp;<\/p>\n<p>&nbsp;<\/p>\n<p>&nbsp;<\/p>\n<p>&nbsp;<\/p>\n<p>&nbsp;<\/p>\n<p>&nbsp;<\/p>\n<p>&nbsp;<\/p>\n<p>&nbsp;<\/p>\n<p>&nbsp;<\/p>\n<p>&nbsp;<\/p>\n<p>&nbsp;<\/p>\n<p>&nbsp;<\/p>\n<p>&nbsp;<\/p>\n<p>&nbsp;<\/p>\n<p>&nbsp;<\/p>\n<p>&nbsp;<\/p>\n<p>&nbsp;<\/p>\n<p>&nbsp;<\/p>\n<p>&nbsp;<\/p>\n<p>&nbsp;<\/p>\n<p>&nbsp;<\/p>\n<p>&nbsp;<\/p>\n<p>&nbsp;<\/p>\n<p>&nbsp;<\/p>\n<p>&nbsp;<\/p>\n<p>Der Musikverein Wustweiler befindet sich im Wandel, dem die Musiker jedoch mit viel Optimismus gelassen entgegenblicken. Man darf gespannt sein, welche spannenden Projekte durch die Spielgemeinschaft in den kommenden Jahren entstehen werden. Der erste Schritt steht dabei bereits fest. <strong>Am 9. April 2016 findet das erste gemeinsame Konzert der Spielgemeinschaft H\u00fcttigweiler \/ Wustweiler in der Illtalhalle H\u00fcttigweiler statt.<\/strong> Weitere Infos dazu folgen.<\/p>\n<p>&nbsp;<\/p>\n","protected":false},"excerpt":{"rendered":"<p>Musikverein Wustweiler e.V. ist gut aufgestellt f\u00fcr kommende Herausforderungen. Fast zwei Jahre war es her, dass der Musikverein Wustweiler sein letztes Konzert gespielt hatte. Im November 2013 fand die \u201evino e musica\u201c in der Illipse statt. Seither ist viel passiert. &hellip; <a href=\"http:\/\/www.musikverein-wustweiler.de\/?p=1121\">Weiterlesen <span class=\"meta-nav\">&rarr;<\/span><\/a><\/p>\n","protected":false},"author":1,"featured_media":0,"comment_status":"closed","ping_status":"closed","sticky":false,"template":"","format":"standard","meta":[],"categories":[10],"tags":[],"_links":{"self":[{"href":"http:\/\/www.musikverein-wustweiler.de\/index.php?rest_route=\/wp\/v2\/posts\/1121"}],"collection":[{"href":"http:\/\/www.musikverein-wustweiler.de\/index.php?rest_route=\/wp\/v2\/posts"}],"about":[{"href":"http:\/\/www.musikverein-wustweiler.de\/index.php?rest_route=\/wp\/v2\/types\/post"}],"author":[{"embeddable":true,"href":"http:\/\/www.musikverein-wustweiler.de\/index.php?rest_route=\/wp\/v2\/users\/1"}],"replies":[{"embeddable":true,"href":"http:\/\/www.musikverein-wustweiler.de\/index.php?rest_route=%2Fwp%2Fv2%2Fcomments&post=1121"}],"version-history":[{"count":16,"href":"http:\/\/www.musikverein-wustweiler.de\/index.php?rest_route=\/wp\/v2\/posts\/1121\/revisions"}],"predecessor-version":[{"id":1150,"href":"http:\/\/www.musikverein-wustweiler.de\/index.php?rest_route=\/wp\/v2\/posts\/1121\/revisions\/1150"}],"wp:attachment":[{"href":"http:\/\/www.musikverein-wustweiler.de\/index.php?rest_route=%2Fwp%2Fv2%2Fmedia&parent=1121"}],"wp:term":[{"taxonomy":"category","embeddable":true,"href":"http:\/\/www.musikverein-wustweiler.de\/index.php?rest_route=%2Fwp%2Fv2%2Fcategories&post=1121"},{"taxonomy":"post_tag","embeddable":true,"href":"http:\/\/www.musikverein-wustweiler.de\/index.php?rest_route=%2Fwp%2Fv2%2Ftags&post=1121"}],"curies":[{"name":"wp","href":"https:\/\/api.w.org\/{rel}","templated":true}]}}