{"id":1089,"date":"2015-06-28T20:00:39","date_gmt":"2015-06-28T20:00:39","guid":{"rendered":"http:\/\/musikverein-wustweiler.de\/?p=1089"},"modified":"2015-07-05T19:50:06","modified_gmt":"2015-07-05T19:50:06","slug":"1089","status":"publish","type":"post","link":"http:\/\/www.musikverein-wustweiler.de\/?p=1089","title":{"rendered":"Musikgenuss im Doppelpack"},"content":{"rendered":"<p><a href=\"http:\/\/musikverein-wustweiler.de\/wp-content\/uploads\/2015\/06\/PLAKAT_MV-Wustweiler-2015_A21.jpg\"><img loading=\"lazy\" class=\" wp-image-1092  alignleft\" src=\"http:\/\/musikverein-wustweiler.de\/wp-content\/uploads\/2015\/06\/PLAKAT_MV-Wustweiler-2015_A21-727x1024.jpg\" alt=\"PLAKAT_MV-Wustweiler-2015_A2\" width=\"489\" height=\"689\" srcset=\"http:\/\/www.musikverein-wustweiler.de\/wp-content\/uploads\/2015\/06\/PLAKAT_MV-Wustweiler-2015_A21-727x1024.jpg 727w, http:\/\/www.musikverein-wustweiler.de\/wp-content\/uploads\/2015\/06\/PLAKAT_MV-Wustweiler-2015_A21-213x300.jpg 213w\" sizes=\"(max-width: 489px) 100vw, 489px\" \/><\/a><\/p>\n<p><strong>Musikverein Wustweiler veranstaltet sein Jahreskonzert. Mit dabei ist auch der Musikverein aus H\u00fcttigweiler.<\/strong><strong>\u00a0<\/strong><\/p>\n<p>Nach zwei Jahren Konzertpause ist der Musikverein Wustweiler zur\u00fcck. Unter neuer musikalischer Leitung von Dr. Markus K\u00fchn veranstaltet der Verein am <strong>Sonntag, 19. Juli, um 19.00 Uhr in der Seelbachhalle <\/strong>sein diesj\u00e4hriges Konzert. Fans der Orchestermusik k\u00f6nnen sich gleich doppelt freuen. Neben den Musikern aus Wustweiler wird auch der Musikverein H\u00fcttigweiler unter Leitung von Martin Kreutzer eine Konzerth\u00e4lfte gestalten. Auf dem Programm des Wustweiler Orchesters stehen sinfonische Werke wie \u201eHofkonzert von Strau\u00df\u201c oder \u201eNew York 1927\u201c. Bestimmt wird das Konzert jedoch von der neuen modernen Art der Blasmusik. Hits wie \u201eViva la vida\u201c von Coldplay oder \u201eTwins\u201c haben es ins Programm geschafft und spiegeln das junge Orchester wider.<\/p>\n<p>Besucher d\u00fcrfen sich auf einen Sommerabend mit musikalischen Highlights freuen. Die Karten f\u00fcr das Konzert sind bei allen Musikern und an der Abendkasse erh\u00e4ltlich.<\/p>\n<p>&nbsp;<\/p>\n","protected":false},"excerpt":{"rendered":"<p>Musikverein Wustweiler veranstaltet sein Jahreskonzert. Mit dabei ist auch der Musikverein aus H\u00fcttigweiler.\u00a0 Nach zwei Jahren Konzertpause ist der Musikverein Wustweiler zur\u00fcck. Unter neuer musikalischer Leitung von Dr. Markus K\u00fchn veranstaltet der Verein am Sonntag, 19. Juli, um 19.00 Uhr &hellip; <a href=\"http:\/\/www.musikverein-wustweiler.de\/?p=1089\">Weiterlesen <span class=\"meta-nav\">&rarr;<\/span><\/a><\/p>\n","protected":false},"author":1,"featured_media":0,"comment_status":"closed","ping_status":"closed","sticky":false,"template":"","format":"standard","meta":[],"categories":[5,10],"tags":[],"_links":{"self":[{"href":"http:\/\/www.musikverein-wustweiler.de\/index.php?rest_route=\/wp\/v2\/posts\/1089"}],"collection":[{"href":"http:\/\/www.musikverein-wustweiler.de\/index.php?rest_route=\/wp\/v2\/posts"}],"about":[{"href":"http:\/\/www.musikverein-wustweiler.de\/index.php?rest_route=\/wp\/v2\/types\/post"}],"author":[{"embeddable":true,"href":"http:\/\/www.musikverein-wustweiler.de\/index.php?rest_route=\/wp\/v2\/users\/1"}],"replies":[{"embeddable":true,"href":"http:\/\/www.musikverein-wustweiler.de\/index.php?rest_route=%2Fwp%2Fv2%2Fcomments&post=1089"}],"version-history":[{"count":7,"href":"http:\/\/www.musikverein-wustweiler.de\/index.php?rest_route=\/wp\/v2\/posts\/1089\/revisions"}],"predecessor-version":[{"id":1098,"href":"http:\/\/www.musikverein-wustweiler.de\/index.php?rest_route=\/wp\/v2\/posts\/1089\/revisions\/1098"}],"wp:attachment":[{"href":"http:\/\/www.musikverein-wustweiler.de\/index.php?rest_route=%2Fwp%2Fv2%2Fmedia&parent=1089"}],"wp:term":[{"taxonomy":"category","embeddable":true,"href":"http:\/\/www.musikverein-wustweiler.de\/index.php?rest_route=%2Fwp%2Fv2%2Fcategories&post=1089"},{"taxonomy":"post_tag","embeddable":true,"href":"http:\/\/www.musikverein-wustweiler.de\/index.php?rest_route=%2Fwp%2Fv2%2Ftags&post=1089"}],"curies":[{"name":"wp","href":"https:\/\/api.w.org\/{rel}","templated":true}]}}