{"id":1042,"date":"2015-02-22T19:26:18","date_gmt":"2015-02-22T19:26:18","guid":{"rendered":"http:\/\/musikverein-wustweiler.de\/?p=1042"},"modified":"2015-02-22T19:26:18","modified_gmt":"2015-02-22T19:26:18","slug":"nach-der-fassend-folgt-die-jahreshauptversammlung","status":"publish","type":"post","link":"http:\/\/www.musikverein-wustweiler.de\/?p=1042","title":{"rendered":"Nach der Fassend folgt die Jahreshauptversammlung"},"content":{"rendered":"<p>Liebe Vereinsmitglieder,<\/p>\n<p>ein ereignisreiches Jahr 2014, das u.a. durch das Wustweier Dorffest und Dirigentenwechsel gepr\u00e4gt war, liegt hinter uns. F\u00fcr die tatkr\u00e4ftige Unterst\u00fctzung und die geleistete Arbeit sowohl unserer MusikerInnen als auch den inaktiven Mitgliedern und der sonstigen HelferInnen m\u00f6chten wir uns hiermit recht herzlich bedanken und hoffen auch f\u00fcr dieses Jahr auf ein ebenso gro\u00dfes Engagement im Musikverein.<\/p>\n<p>Mit der Teilnahme an den Faschingsumz\u00fcgen in\u00a0<span data-scaytid=\"1\" data-scayt_word=\"Berschweiler\">Berschweiler<\/span>\u00a0und Wemmetsweiler unter dem Motto &#8222;Cowboy und Indianer&#8220;, sind wir in das Musikjahr 2015 gestartet.<\/p>\n<div id=\"attachment_1043\" style=\"width: 310px\" class=\"wp-caption alignleft\"><a href=\"http:\/\/musikverein-wustweiler.de\/wp-content\/uploads\/2015\/02\/Foto-14.02.15-16-03-57.jpg\"><img aria-describedby=\"caption-attachment-1043\" loading=\"lazy\" class=\"wp-image-1043 size-medium\" src=\"http:\/\/musikverein-wustweiler.de\/wp-content\/uploads\/2015\/02\/Foto-14.02.15-16-03-57-300x224.jpg\" alt=\"MVW beim Faasendumzug in Berschweiler\" width=\"300\" height=\"224\" srcset=\"http:\/\/www.musikverein-wustweiler.de\/wp-content\/uploads\/2015\/02\/Foto-14.02.15-16-03-57-300x224.jpg 300w, http:\/\/www.musikverein-wustweiler.de\/wp-content\/uploads\/2015\/02\/Foto-14.02.15-16-03-57-1024x765.jpg 1024w\" sizes=\"(max-width: 300px) 100vw, 300px\" \/><\/a><p id=\"caption-attachment-1043\" class=\"wp-caption-text\">MVW beim Faasendumzug in Berschweiler<\/p><\/div>\n<p>An dieser Stelle nochmals herzlichen Dank an alle MusikerInnen und &#8222;W\u00e4nsche-Zieher&#8220; die dabei waren und der K\u00e4lte getrotzt haben.<\/p>\n<p>&nbsp;<\/p>\n<div id=\"attachment_1044\" style=\"width: 310px\" class=\"wp-caption alignleft\"><a href=\"http:\/\/musikverein-wustweiler.de\/wp-content\/uploads\/2015\/02\/Foto-15.02.15-16-51-49.jpg\"><img aria-describedby=\"caption-attachment-1044\" loading=\"lazy\" class=\"wp-image-1044 size-medium\" src=\"http:\/\/musikverein-wustweiler.de\/wp-content\/uploads\/2015\/02\/Foto-15.02.15-16-51-49-300x224.jpg\" alt=\"MVW beim Faasendumzug in Wemmetsweiler\" width=\"300\" height=\"224\" srcset=\"http:\/\/www.musikverein-wustweiler.de\/wp-content\/uploads\/2015\/02\/Foto-15.02.15-16-51-49-300x224.jpg 300w, http:\/\/www.musikverein-wustweiler.de\/wp-content\/uploads\/2015\/02\/Foto-15.02.15-16-51-49-1024x765.jpg 1024w\" sizes=\"(max-width: 300px) 100vw, 300px\" \/><\/a><p id=\"caption-attachment-1044\" class=\"wp-caption-text\">MVW beim Faasendumzug in Wemmetsweiler<\/p><\/div>\n<p>Nun steigen wir in die Planungen f\u00fcr ein Sommerkonzert unter der Leitung unseres neuen Dirigenten Markus K\u00fchn ein. Weitere Vorhaben werden unter dem Punkt\u00a0<span data-scaytid=\"6\" data-scayt_word=\"4a\">4a<\/span>) in der diesj\u00e4hrigen Hauptversammlung, zu der wir Euch recht herzlich einladen, bekanntgegeben:<\/p>\n<p><strong>Jahreshauptversammlung des MV Wustweiler e.V.<\/strong><\/p>\n<p><strong>am 01. M\u00e4rz 2015<\/strong><\/p>\n<p><strong>um 11 Uhr<\/strong><\/p>\n<p><strong>im Probenraum (ehem. Grundschule Wustweiler)<\/strong><\/p>\n<p><span style=\"text-decoration: underline;\">Tagesordnung<\/span>:<\/p>\n<p>1. Begr\u00fc\u00dfung<\/p>\n<p>2. Feststellung der satzungsm\u00e4\u00dfigen Berufung der Versammlung<\/p>\n<p>3. Totenehrung<\/p>\n<p>4. Bericht<\/p>\n<p>a) des gesch\u00e4ftsf\u00fchrenden Vorstandsteams<\/p>\n<p>b) des Schriftf\u00fchrers<\/p>\n<p><span data-scaytid=\"3\" data-scayt_word=\"c\">c<\/span>) des Dirigenten<\/p>\n<p>d) des Kassierers<\/p>\n<p>mit jeweiliger Diskussion<\/p>\n<p>5. Stellungnahme der Kassenpr\u00fcfer<\/p>\n<p>6. Entlastung des Vorstandes<\/p>\n<p>7. Erg\u00e4nzungswahlen<\/p>\n<p>a) Wahl eines Mitgliedes des gesch\u00e4ftsf\u00fchrenden Vorstandsteams<\/p>\n<p>b) Wahl eines Beisitzers<\/p>\n<p>8. Wahl eines Kassenpr\u00fcfers<\/p>\n<p>9. Verschiedenes<\/p>\n<p>Auf Eure Teilnahme freut sich der Vorstand des Musikvereins Wustweiler.<\/p>\n","protected":false},"excerpt":{"rendered":"<p>Liebe Vereinsmitglieder, ein ereignisreiches Jahr 2014, das u.a. durch das Wustweier Dorffest und Dirigentenwechsel gepr\u00e4gt war, liegt hinter uns. F\u00fcr die tatkr\u00e4ftige Unterst\u00fctzung und die geleistete Arbeit sowohl unserer MusikerInnen als auch den inaktiven Mitgliedern und der sonstigen HelferInnen m\u00f6chten &hellip; <a href=\"http:\/\/www.musikverein-wustweiler.de\/?p=1042\">Weiterlesen <span class=\"meta-nav\">&rarr;<\/span><\/a><\/p>\n","protected":false},"author":1,"featured_media":0,"comment_status":"closed","ping_status":"closed","sticky":false,"template":"","format":"standard","meta":[],"categories":[10],"tags":[48,47,18],"_links":{"self":[{"href":"http:\/\/www.musikverein-wustweiler.de\/index.php?rest_route=\/wp\/v2\/posts\/1042"}],"collection":[{"href":"http:\/\/www.musikverein-wustweiler.de\/index.php?rest_route=\/wp\/v2\/posts"}],"about":[{"href":"http:\/\/www.musikverein-wustweiler.de\/index.php?rest_route=\/wp\/v2\/types\/post"}],"author":[{"embeddable":true,"href":"http:\/\/www.musikverein-wustweiler.de\/index.php?rest_route=\/wp\/v2\/users\/1"}],"replies":[{"embeddable":true,"href":"http:\/\/www.musikverein-wustweiler.de\/index.php?rest_route=%2Fwp%2Fv2%2Fcomments&post=1042"}],"version-history":[{"count":14,"href":"http:\/\/www.musikverein-wustweiler.de\/index.php?rest_route=\/wp\/v2\/posts\/1042\/revisions"}],"predecessor-version":[{"id":1058,"href":"http:\/\/www.musikverein-wustweiler.de\/index.php?rest_route=\/wp\/v2\/posts\/1042\/revisions\/1058"}],"wp:attachment":[{"href":"http:\/\/www.musikverein-wustweiler.de\/index.php?rest_route=%2Fwp%2Fv2%2Fmedia&parent=1042"}],"wp:term":[{"taxonomy":"category","embeddable":true,"href":"http:\/\/www.musikverein-wustweiler.de\/index.php?rest_route=%2Fwp%2Fv2%2Fcategories&post=1042"},{"taxonomy":"post_tag","embeddable":true,"href":"http:\/\/www.musikverein-wustweiler.de\/index.php?rest_route=%2Fwp%2Fv2%2Ftags&post=1042"}],"curies":[{"name":"wp","href":"https:\/\/api.w.org\/{rel}","templated":true}]}}